{"id":28274,"date":"2016-11-28T13:19:46","date_gmt":"2016-11-28T19:19:46","guid":{"rendered":"https:\/\/radiowebmx.com\/nota\/?p=28274"},"modified":"2016-11-28T13:19:46","modified_gmt":"2016-11-28T19:19:46","slug":"urgente-incrementar-las-sanciones-contra-feminicidas-rosa-maria-de-la-torre","status":"publish","type":"post","link":"https:\/\/radiowebmx.com\/nota\/urgente-incrementar-las-sanciones-contra-feminicidas-rosa-maria-de-la-torre\/","title":{"rendered":"Urgente, incrementar las sanciones contra feminicidas: Rosa Mar\u00eda de la Torre"},"content":{"rendered":"<p><img loading=\"lazy\" decoding=\"async\" src=\"https:\/\/radiowebmx.com\/nota\/wp-content\/uploads\/2016\/11\/COMUNICADO-1567-2.jpg\" alt=\"comunicado-1567-2\" width=\"709\" height=\"785\" class=\"alignleft size-full wp-image-28275\" srcset=\"https:\/\/radiowebmx.com\/nota\/wp-content\/uploads\/2016\/11\/COMUNICADO-1567-2.jpg 709w, https:\/\/radiowebmx.com\/nota\/wp-content\/uploads\/2016\/11\/COMUNICADO-1567-2-271x300.jpg 271w\" sizes=\"auto, (max-width: 709px) 100vw, 709px\" \/><\/p>\n<p>Morelia; Michoac\u00e1n, 28 de noviembre de 2016.-  Ante la preocupante e imparable ola de feminicidios que se registra en Michoac\u00e1n, la diputada Rosa Mar\u00eda de la Torre Torres consider\u00f3 urgente la aprobaci\u00f3n de la iniciativa que present\u00f3 la Comisi\u00f3n de Puntos Constitucionales en mayo de este a\u00f1o para modificar los art\u00edculos 120 y 174 del C\u00f3digo Penal para el Estado de Michoac\u00e1n, que permita el aumento de las penas privativas de la libertad hasta 50 a\u00f1os de prisi\u00f3n, para los delitos que el Legislador considere de gravedad y excesiva crueldad, seg\u00fan las circunstancias que el Estado se presenten, en este caso, el del feminicidio.<\/p>\n<p>La legisladora y Vicepresidenta de la mesa Directiva del Congreso del Estado, record\u00f3 que dentro de las muchas formas de violencia contra las mujeres, la \u00faltima y m\u00e1s preocupante manifestaci\u00f3n se llama feminicidio, delito que se ha registrado con mayor incidencia este a\u00f1o en Michoac\u00e1n, de acuerdo con informaci\u00f3n de los \u00f3rganos de justicia, que han reconocido 12 cr\u00edmenes de estas caracter\u00edsticas.<\/p>\n<p>\u201cEsta violencia comienza por no dejarnos decidir nuestra manera vestir, lo que debemos estudiar, tampoco podemos decidir sobre el ejercicio de nuestra sexualidad y capacidades reproductivas y terminan por decidir cu\u00e1ndo vivimos y cu\u00e1ndo y c\u00f3mo morimos\u201d.<\/p>\n<p>Indic\u00f3 que el feminicidio es un concepto que ha venido ganando fuerza en diversos ordenamientos jur\u00eddicos y legales, el cual hace alusi\u00f3n a las formas extremas en que ocurre la muerte de una mujer, ligadas a situaciones de odio, desprecio, placer o sentimientos de propiedad sobre las mujeres.<\/p>\n<p>\u201cEl art\u00edculo 1\u00b0 de la Convenci\u00f3n Interamericana para prevenir, sancionar y erradicar la violencia contra la mujer, nos define la violencia contra la mujer como cualquier acci\u00f3n o conducta, basada en su g\u00e9nero, que cause muerte, da\u00f1o o sufrimiento f\u00edsico, sexual o psicol\u00f3gico a la mujer, tanto en el \u00e1mbito p\u00fablico como en el privado\u201d.<\/p>\n<p>Si bien consider\u00f3 que acciones como la declaratoria de la Alerta de Violencia de G\u00e9nero son herramientas de prevenci\u00f3n, hace falta que se complementen con una legislaci\u00f3n que prevenga a trav\u00e9s de sanciones m\u00e1s r\u00edgidas la comisi\u00f3n de los cr\u00edmenes de odio contra las mujeres en Michoac\u00e1n.<\/p>\n<p>\u201cDentro de las recomendaciones emitidas por el Grupo de Trabajo que analiz\u00f3 la eventual declaratoria de alerta de g\u00e9nero en el Estado de Michoac\u00e1n, est\u00e1 el aumento del tope Constitucional de la pena privativa de la libertad. El aumento de la pena no sirve de forma aislada, pero es un primer paso. Es el pilar de una red institucional y jur\u00eddica de protecci\u00f3n\u201d.<\/p>\n<p>Record\u00f3 que cuando fue presentada la iniciativa en mayo pasado, se dieron a conocer datos de la asociaci\u00f3n civil Humanas sin Violencia, que en el per\u00edodo 2008 al 2014 en nuestra entidad, ten\u00eda el registro de 623 muertes de mujeres, hechos que tuvieron mayor incidencia en las zonas con alta presencia del crimen organizado.<\/p>\n<p>Asimismo, la Red de Mujeres en Contra de la Violencia Feminicida en Michoac\u00e1n, present\u00f3 datos relacionados con este delito en los a\u00f1os de 2013 a 2015, dando las cifras que existen registrados mil 400 casos de mujeres asesinadas; 750 est\u00e1n tipificados como feminicidios. Adem\u00e1s, en 33 de cada 100 de las muertes de mujeres se desconoce la causa, en 28 de cada 100 se desconoce su identidad y en 65 de 100 se desconoce el lugar donde fueron asesinadas.<\/p>\n<p>\u201cSin embargo, esta triste realidad ha sido superada para mal, lo estamos viendo con mucha preocupaci\u00f3n quienes estamos trabajando por fomentar una cultura del respeto a los derechos humanos\u201d.<\/p>\n<p>De ah\u00ed, dijo, se desprende la necesidad de medidas diferentes, particularmente relevantes cuando se trata de los derechos de las mujeres, ya que las normas generales muchas veces no sirven para proteger adecuadamente sus derechos, por lo que se requieren de disposiciones espec\u00edficas; adem\u00e1s, deben ser acordes con la realidad de violencia que presenta cada regi\u00f3n y las conexiones que pueden tener con otro tipo de criminalidad.<\/p>\n<p>Finalmente, consider\u00f3 que ante el reclamo justo de organizaciones de la sociedad civil que han alertado sobre el recrudecimiento de los feminicidios en Michoac\u00e1n, el Legislativo debe aprobar esta reforma, puesto que se est\u00e1n afectando gravemente determinados bienes jur\u00eddicos fundamentales como la vida, la integridad f\u00edsica y ps\u00edquica, la libertad sexual, la no discriminaci\u00f3n y subordinaci\u00f3n impl\u00edcita en la violencia de que las mujeres pueden ser v\u00edctimas.<\/p>\n<p>\u201cNo es elevar las penas arbitrariamente, esta medida, de aprobarse, permitir\u00e1 enviar un mensaje fuerte y claro, que en Michoac\u00e1n no se tolerar\u00e1 este y ning\u00fan tipo de conducta que contenga discursos de odio, crueldad y violencia, mucho menos contra mujeres\u201d, sentenci\u00f3 la legisladora del PRI.<\/p>\n","protected":false},"excerpt":{"rendered":"<p>Ante la preocupante e imparable ola de feminicidios que se registra en Michoac\u00e1n, la diputada Rosa Mar\u00eda de la Torre Torres consider\u00f3 urgente la aprobaci\u00f3n de la iniciativa que present\u00f3 la Comisi\u00f3n de Puntos Constitucionales en mayo de este a\u00f1o para modificar los art\u00edculos 120 y 174 del C\u00f3digo Penal para el Estado de Michoac\u00e1n<\/p>\n","protected":false},"author":1,"featured_media":28275,"comment_status":"open","ping_status":"open","sticky":false,"template":"","format":"standard","meta":{"footnotes":""},"categories":[6,14,7],"tags":[],"class_list":["post-28274","post","type-post","status-publish","format-standard","has-post-thumbnail","hentry","category-congreso-del-estado","category-destacadas","category-grupo-parlamentario-del-pri"],"_links":{"self":[{"href":"https:\/\/radiowebmx.com\/nota\/wp-json\/wp\/v2\/posts\/28274","targetHints":{"allow":["GET"]}}],"collection":[{"href":"https:\/\/radiowebmx.com\/nota\/wp-json\/wp\/v2\/posts"}],"about":[{"href":"https:\/\/radiowebmx.com\/nota\/wp-json\/wp\/v2\/types\/post"}],"author":[{"embeddable":true,"href":"https:\/\/radiowebmx.com\/nota\/wp-json\/wp\/v2\/users\/1"}],"replies":[{"embeddable":true,"href":"https:\/\/radiowebmx.com\/nota\/wp-json\/wp\/v2\/comments?post=28274"}],"version-history":[{"count":1,"href":"https:\/\/radiowebmx.com\/nota\/wp-json\/wp\/v2\/posts\/28274\/revisions"}],"predecessor-version":[{"id":28276,"href":"https:\/\/radiowebmx.com\/nota\/wp-json\/wp\/v2\/posts\/28274\/revisions\/28276"}],"wp:featuredmedia":[{"embeddable":true,"href":"https:\/\/radiowebmx.com\/nota\/wp-json\/wp\/v2\/media\/28275"}],"wp:attachment":[{"href":"https:\/\/radiowebmx.com\/nota\/wp-json\/wp\/v2\/media?parent=28274"}],"wp:term":[{"taxonomy":"category","embeddable":true,"href":"https:\/\/radiowebmx.com\/nota\/wp-json\/wp\/v2\/categories?post=28274"},{"taxonomy":"post_tag","embeddable":true,"href":"https:\/\/radiowebmx.com\/nota\/wp-json\/wp\/v2\/tags?post=28274"}],"curies":[{"name":"wp","href":"https:\/\/api.w.org\/{rel}","templated":true}]}}