{"id":28265,"date":"2016-11-28T13:07:08","date_gmt":"2016-11-28T19:07:08","guid":{"rendered":"https:\/\/radiowebmx.com\/nota\/?p=28265"},"modified":"2016-11-28T13:07:08","modified_gmt":"2016-11-28T19:07:08","slug":"congreso-del-estado-promueve-acciones-contra-la-violencia-de-genero","status":"publish","type":"post","link":"https:\/\/radiowebmx.com\/nota\/congreso-del-estado-promueve-acciones-contra-la-violencia-de-genero\/","title":{"rendered":"Congreso del Estado promueve acciones contra la violencia de g\u00e9nero"},"content":{"rendered":"<p><img loading=\"lazy\" decoding=\"async\" src=\"https:\/\/radiowebmx.com\/nota\/wp-content\/uploads\/2016\/11\/Comunicado-1564-5.jpg\" alt=\"comunicado-1564-5\" width=\"886\" height=\"591\" class=\"alignleft size-full wp-image-28266\" srcset=\"https:\/\/radiowebmx.com\/nota\/wp-content\/uploads\/2016\/11\/Comunicado-1564-5.jpg 886w, https:\/\/radiowebmx.com\/nota\/wp-content\/uploads\/2016\/11\/Comunicado-1564-5-300x200.jpg 300w, https:\/\/radiowebmx.com\/nota\/wp-content\/uploads\/2016\/11\/Comunicado-1564-5-768x512.jpg 768w\" sizes=\"auto, (max-width: 886px) 100vw, 886px\" \/><\/p>\n<p>Morelia, Michoac\u00e1n a 27 de noviembre del 2016.- Las legisladoras de la Septuag\u00e9sima Tercera Legislatura del Congreso del Estado de Michoac\u00e1n se pronunciaron a favor de la eliminaci\u00f3n de la violencia contra las mujeres, en el marco de la realizaci\u00f3n del Foro \u201cLegisladoras por la Erradicaci\u00f3n de la Violencia de G\u00e9nero\u201d que organizaron las diputadas integrantes de la Comisi\u00f3n de Igualdad de G\u00e9nero, Socorro de la Luz Quintana, Brenda Fraga y Yarab\u00ed \u00c1vila. <\/p>\n<p>La presidenta de la Comisi\u00f3n, Socorro Quintana, afirm\u00f3 que parte de la problem\u00e1tica de la violencia contra las mujeres se debe a que las leyes no se han aterrizado y en muchas ocasiones no se conocen, asimismo enfatiz\u00f3 en que se debe trabajar para lograr presupuestos con perspectiva de g\u00e9nero. <\/p>\n<p>Por su parte la presidente de la Junta de Coordinaci\u00f3n Pol\u00edtica y coordinadora del Grupo Parlamentario del PRI, la diputada Adriana Hern\u00e1ndez \u00cd\u00f1iguez, asegur\u00f3 que \u201choy en d\u00eda muchas de las acciones de violencia femenina no f\u00edsica, incluyendo la violencia pol\u00edtica, la seguimos fomentando nosotras, tenemos que cambiar esa mentalidad, tenemos que ponernos como principal meta la tolerancia, la camarader\u00eda, la solidaridad y el trabajo en equipo\u201d. <\/p>\n<p>La congresista del Partido del Trabajo e integrante de la Comisi\u00f3n de Igualdad, Brenda Fraga, detall\u00f3 a los asistentes, originarios de 34 municipios del Estado y de distintas organizaciones civiles, que la Comisi\u00f3n ha realizado diversas acciones para lograr la igualdad de g\u00e9nero y dej\u00f3 en claro que la violencia hacia la mujer se trata de un fen\u00f3meno que ata\u00f1e tanto a hombres como a mujeres. <\/p>\n<p>El invitado especial del foro fue Victorino Rojas Rivera, magistrado del Primer Tribunal Colegiado en Materia Administrativa y de Trabajo del D\u00e9cimo Primer Circuito, quien resalt\u00f3 los cambios que la Suprema Corte ha tenido recientemente para juzgar con perspectiva de g\u00e9nero y afirm\u00f3 que actualmente existe la oportunidad para las nuevas generaciones de la ciencia jur\u00eddica de cambiar la mentalidad tan estricta del derecho y verlo con un enfoque con perspectiva de g\u00e9nero. <\/p>\n<p>\u201cLa felicidad no es un derecho ni una obligaci\u00f3n, es un estilo de vida, una forma de vida y el estado y la sociedad en general tiene la obligaci\u00f3n de crear condiciones y oportunidades para que las personas tengan el derecho de elegir si quieren ser felices o no; y en esto los jueces tienen un papel importante para interpretar el derecho. Esa es una de las variantes en las que el sistema de justicia y la Suprema Corte han trabajado con protocolos nacionales para que los jueces juzguen con perspectiva de g\u00e9nero\u201d, dijo. <\/p>\n<p>La legisladora del Partido Revolucionario Institucional, Yarab\u00ed \u00c1vila, en su calidad de moderadora del foro y como integrante de la Comisi\u00f3n de Igualdad, adelant\u00f3 que en pr\u00f3ximos d\u00edas la Comisi\u00f3n que integra presentar\u00e1 un punto de acuerdo en el que se exija un informe para conocer c\u00f3mo se aplican los recursos para la lucha del c\u00e1ncer de mama y cervicouterino, con el objetivo de conocer las acciones concretas que las dependencias encargadas del tema han venido haciendo en la materia. <\/p>\n<p>Al evento acudieron tambi\u00e9n la senadora de la Rep\u00fablica, Roc\u00edo Pineda Gochi; el diputado Federal, Alfredo Anaya; as\u00ed como la presidenta de la Comisi\u00f3n de Educaci\u00f3n en el Congreso del Estado, la diputada X\u00f3chitl Ruiz. <\/p>\n","protected":false},"excerpt":{"rendered":"<p> Las legisladoras de la Septuag\u00e9sima Tercera Legislatura del Congreso del Estado de Michoac\u00e1n se pronunciaron a favor de la eliminaci\u00f3n de la violencia contra las mujeres, en el marco de la realizaci\u00f3n del Foro \u201cLegisladoras por la Erradicaci\u00f3n de la Violencia de G\u00e9nero\u201d<\/p>\n","protected":false},"author":1,"featured_media":28266,"comment_status":"open","ping_status":"open","sticky":false,"template":"","format":"standard","meta":{"footnotes":""},"categories":[6,14],"tags":[],"class_list":["post-28265","post","type-post","status-publish","format-standard","has-post-thumbnail","hentry","category-congreso-del-estado","category-destacadas"],"_links":{"self":[{"href":"https:\/\/radiowebmx.com\/nota\/wp-json\/wp\/v2\/posts\/28265","targetHints":{"allow":["GET"]}}],"collection":[{"href":"https:\/\/radiowebmx.com\/nota\/wp-json\/wp\/v2\/posts"}],"about":[{"href":"https:\/\/radiowebmx.com\/nota\/wp-json\/wp\/v2\/types\/post"}],"author":[{"embeddable":true,"href":"https:\/\/radiowebmx.com\/nota\/wp-json\/wp\/v2\/users\/1"}],"replies":[{"embeddable":true,"href":"https:\/\/radiowebmx.com\/nota\/wp-json\/wp\/v2\/comments?post=28265"}],"version-history":[{"count":1,"href":"https:\/\/radiowebmx.com\/nota\/wp-json\/wp\/v2\/posts\/28265\/revisions"}],"predecessor-version":[{"id":28267,"href":"https:\/\/radiowebmx.com\/nota\/wp-json\/wp\/v2\/posts\/28265\/revisions\/28267"}],"wp:featuredmedia":[{"embeddable":true,"href":"https:\/\/radiowebmx.com\/nota\/wp-json\/wp\/v2\/media\/28266"}],"wp:attachment":[{"href":"https:\/\/radiowebmx.com\/nota\/wp-json\/wp\/v2\/media?parent=28265"}],"wp:term":[{"taxonomy":"category","embeddable":true,"href":"https:\/\/radiowebmx.com\/nota\/wp-json\/wp\/v2\/categories?post=28265"},{"taxonomy":"post_tag","embeddable":true,"href":"https:\/\/radiowebmx.com\/nota\/wp-json\/wp\/v2\/tags?post=28265"}],"curies":[{"name":"wp","href":"https:\/\/api.w.org\/{rel}","templated":true}]}}