{"id":28261,"date":"2016-11-28T13:04:17","date_gmt":"2016-11-28T19:04:17","guid":{"rendered":"https:\/\/radiowebmx.com\/nota\/?p=28261"},"modified":"2016-11-28T13:04:17","modified_gmt":"2016-11-28T19:04:17","slug":"juan-figueroa-refrenda-compromiso-con-pueblos-originarios","status":"publish","type":"post","link":"https:\/\/radiowebmx.com\/nota\/juan-figueroa-refrenda-compromiso-con-pueblos-originarios\/","title":{"rendered":"Juan Figueroa refrenda compromiso con pueblos originarios"},"content":{"rendered":"<p><img loading=\"lazy\" decoding=\"async\" src=\"https:\/\/radiowebmx.com\/nota\/wp-content\/uploads\/2016\/11\/Comunicado-1563-5.jpg\" alt=\"comunicado-1563-5\" width=\"709\" height=\"532\" class=\"alignleft size-full wp-image-28262\" srcset=\"https:\/\/radiowebmx.com\/nota\/wp-content\/uploads\/2016\/11\/Comunicado-1563-5.jpg 709w, https:\/\/radiowebmx.com\/nota\/wp-content\/uploads\/2016\/11\/Comunicado-1563-5-300x225.jpg 300w\" sizes=\"auto, (max-width: 709px) 100vw, 709px\" \/><\/p>\n<p><img loading=\"lazy\" decoding=\"async\" src=\"https:\/\/radiowebmx.com\/nota\/wp-content\/uploads\/2016\/11\/thumbnail_Comunicado-1563.jpg\" alt=\"thumbnail_comunicado-1563\" width=\"709\" height=\"944\" class=\"alignleft size-full wp-image-28263\" srcset=\"https:\/\/radiowebmx.com\/nota\/wp-content\/uploads\/2016\/11\/thumbnail_Comunicado-1563.jpg 709w, https:\/\/radiowebmx.com\/nota\/wp-content\/uploads\/2016\/11\/thumbnail_Comunicado-1563-225x300.jpg 225w\" sizes=\"auto, (max-width: 709px) 100vw, 709px\" \/><\/p>\n<p>Pich\u00e1taro, Michoac\u00e1n a 27 de noviembre del 2016.- Al participar en el encuentro del Congreso Nacional Ind\u00edgena y el Consejo Supremo Ind\u00edgena de Michoac\u00e1n, celebrado en Pich\u00e1taro, el presidente de la Comisi\u00f3n de Pueblos Ind\u00edgenas en el Congreso del Estado, Juan Figueroa G\u00f3mez, refrend\u00f3 su compromiso de emprender acciones que contribuyan a favor del desarrollo y bienestar de los pueblos originarios.<\/p>\n<p>Durante el encuentro el legislador escuch\u00f3 las necesidades y planteamientos de los integrantes del Consejo Supremo Ind\u00edgena y manifest\u00f3 que buscar\u00e1 los mecanismos para apoyarlos, al reiterar su compromiso con los pueblos originarios.<\/p>\n<p>El diputado local por el Distrito de Huetamo, refrend\u00f3 su solidaridad a las comunidades ind\u00edgenas que coinciden en esta organizaci\u00f3n, as\u00ed como su respeto y compromiso de apoyarlos en las acciones que est\u00e9n a su alcance y contribuyan a mejorar la calidad de vida de los ciudadanos.<\/p>\n<p>Juan Figueroa dio a conocer que en el encuentro se abordaron diversos temas, entre ellos, el  que a trav\u00e9s de foros de consulta se legisle en beneficio de los ind\u00edgenas y de acuerdo a las necesidades que se tengan en cada regi\u00f3n.<\/p>\n<p>Consciente de los problemas que aquejan a los pueblos originarios, subray\u00f3, se est\u00e1 estableciendo una agenda de prioridades, para contribuir en la soluci\u00f3n de los problemas m\u00e1s apremiantes e impulsar el desarrollo de las comunidades ind\u00edgenas.<\/p>\n<p>La  defensa de los  derechos de los pueblos originarios, resalt\u00f3, es tarea de todos los niveles de gobierno y resalt\u00f3 el compromiso del Congreso del Estado y del propio gobierno estatal para caminar juntos de la mano con las comunidades, a fin de darles soluci\u00f3n a sus demandas.<\/p>\n<p>Reconoci\u00f3 que con la suma de esfuerzos se podr\u00e1 seguir caminando para apoyar con equidad, cohesi\u00f3n social e igualdad de oportunidades y respetando los usos y costumbres de la poblaci\u00f3n ind\u00edgena.<\/p>\n","protected":false},"excerpt":{"rendered":"<p>Al participar en el encuentro del Congreso Nacional Ind\u00edgena y el Consejo Supremo Ind\u00edgena de Michoac\u00e1n, celebrado en Pich\u00e1taro, el presidente de la Comisi\u00f3n de Pueblos Ind\u00edgenas en el Congreso del Estado, Juan Figueroa G\u00f3mez, refrend\u00f3 su compromiso de emprender acciones que contribuyan a favor del desarrollo y bienestar de los pueblos originarios.<\/p>\n","protected":false},"author":1,"featured_media":28262,"comment_status":"open","ping_status":"open","sticky":false,"template":"","format":"standard","meta":{"footnotes":""},"categories":[6,14,19],"tags":[],"class_list":["post-28261","post","type-post","status-publish","format-standard","has-post-thumbnail","hentry","category-congreso-del-estado","category-destacadas","category-grupo-parlamentario-del-prd"],"_links":{"self":[{"href":"https:\/\/radiowebmx.com\/nota\/wp-json\/wp\/v2\/posts\/28261","targetHints":{"allow":["GET"]}}],"collection":[{"href":"https:\/\/radiowebmx.com\/nota\/wp-json\/wp\/v2\/posts"}],"about":[{"href":"https:\/\/radiowebmx.com\/nota\/wp-json\/wp\/v2\/types\/post"}],"author":[{"embeddable":true,"href":"https:\/\/radiowebmx.com\/nota\/wp-json\/wp\/v2\/users\/1"}],"replies":[{"embeddable":true,"href":"https:\/\/radiowebmx.com\/nota\/wp-json\/wp\/v2\/comments?post=28261"}],"version-history":[{"count":1,"href":"https:\/\/radiowebmx.com\/nota\/wp-json\/wp\/v2\/posts\/28261\/revisions"}],"predecessor-version":[{"id":28264,"href":"https:\/\/radiowebmx.com\/nota\/wp-json\/wp\/v2\/posts\/28261\/revisions\/28264"}],"wp:featuredmedia":[{"embeddable":true,"href":"https:\/\/radiowebmx.com\/nota\/wp-json\/wp\/v2\/media\/28262"}],"wp:attachment":[{"href":"https:\/\/radiowebmx.com\/nota\/wp-json\/wp\/v2\/media?parent=28261"}],"wp:term":[{"taxonomy":"category","embeddable":true,"href":"https:\/\/radiowebmx.com\/nota\/wp-json\/wp\/v2\/categories?post=28261"},{"taxonomy":"post_tag","embeddable":true,"href":"https:\/\/radiowebmx.com\/nota\/wp-json\/wp\/v2\/tags?post=28261"}],"curies":[{"name":"wp","href":"https:\/\/api.w.org\/{rel}","templated":true}]}}