{"id":28249,"date":"2016-11-28T12:47:23","date_gmt":"2016-11-28T18:47:23","guid":{"rendered":"https:\/\/radiowebmx.com\/nota\/?p=28249"},"modified":"2016-11-28T12:47:23","modified_gmt":"2016-11-28T18:47:23","slug":"realiza-liconsa-jordnadas-de-incorporacion-al-programa-de-abasto-social-de-leche-en-tres-municipios","status":"publish","type":"post","link":"https:\/\/radiowebmx.com\/nota\/realiza-liconsa-jordnadas-de-incorporacion-al-programa-de-abasto-social-de-leche-en-tres-municipios\/","title":{"rendered":"Realiza LICONSA jordnadas de incorporaci\u00f3n al programa de Abasto Social de Leche en tres municipios."},"content":{"rendered":"<p><img loading=\"lazy\" decoding=\"async\" src=\"https:\/\/radiowebmx.com\/nota\/wp-content\/uploads\/2016\/11\/15219453_1343267982371048_7858694208718190997_n.jpg\" alt=\"15219453_1343267982371048_7858694208718190997_n\" width=\"709\" height=\"656\" class=\"alignleft size-full wp-image-28250\" srcset=\"https:\/\/radiowebmx.com\/nota\/wp-content\/uploads\/2016\/11\/15219453_1343267982371048_7858694208718190997_n.jpg 709w, https:\/\/radiowebmx.com\/nota\/wp-content\/uploads\/2016\/11\/15219453_1343267982371048_7858694208718190997_n-300x278.jpg 300w\" sizes=\"auto, (max-width: 709px) 100vw, 709px\" \/><\/p>\n<p>Morelia, Michoac\u00e1n a 26 de noviembre de 2016.-  Cumpliendo con la instrucci\u00f3n del Gobierno de la Rep\u00fablica que encabeza el Presidente Enrique Pe\u00f1a Nieto, LICONSA Michoac\u00e1n, al mando de su Gerente Estatal, Ger\u00f3nimo Color Gasca realiz\u00f3 jornadas de incorporaci\u00f3n al Programa de Abasto Social de Leche LICONSA en diversos municipios de Michoac\u00e1n.<br \/>\nLos municipios en donde se realizaron dichas acciones son: Quer\u00e9ndaro, Zit\u00e1cuaro y Tac\u00e1mbaro, lo que permitir\u00e1 aperturar nuevas lecher\u00edas en estos municipios, de igual forma se vieron beneficiados con el PASL elementos del Ej\u00e9rcito Mexicano de la XXI Zona Militar.<br \/>\nEn dicha jornada de incorporaci\u00f3n se ver\u00e1n beneficiados m\u00e1s de 600 familias con estas acciones el Gobierno de la Rep\u00fablica genera una inversi\u00f3n de 2 millones 353 mil 742 pesos en estos municipios, cabe mencionar la gran labor que se realiza por parte del Delegado de Liconsa, Ger\u00f3nimo Color por hacer llegar la leche fortificada LICONSA a mas michoacanos.<br \/>\nEl titular de LICONSA en Michoac\u00e1n agradeci\u00f3 a las familias michoacanas la oportunidad de que los programas que se ofrecen lleguen hasta sus hogares, pues tal y como lo ha instruido el Presidente de la Rep\u00fablica, Enrique Pe\u00f1a Nieto el compromiso hacia con los michoacanos seguir\u00e1 latente, enfatiz\u00f3 Color Gasca.<br \/>\nEn el marco de la alianza SEDENA-SEDESOL-LICONSA se realiz\u00f3 la jornada de incorporaci\u00f3n de personal militar y familiares de militares adscritos a la XXI Zona Militar al Programa de Abasto Social de Leche, en este sentido el titular de LICONSA, Ger\u00f3nimo Color mencion\u00f3 que como lo ha apuntado el Presidente Enrique Pe\u00f1a Nieto es un orgullo contribuir a la seguridad social de quienes d\u00eda a d\u00eda est\u00e1n dispuestos a dar su vida por M\u00e9xico y por todas las fuerzas de seguridad que velan por la integridad y paz de este pa\u00eds.<br \/>\nLa cobertura de LICONSA en Michoac\u00e1n d\u00eda a d\u00eda gana m\u00e1s terreno y gracias a ello, actualmente miles de michoacanos gozan oportunamente de los programas de LICONSA, lo que contribuye a que cada vez sean m\u00e1s los que tienen acceso a una alimentaci\u00f3n sana, variada y suficiente.<br \/>\nFueron incorporados al Programa de Abasto Social de Leche LICONSA un total de 360 familias, en la comunidad de Tecario, perteneciente al municipio de Tac\u00e1mbaro, con lo cual se ampl\u00eda el padr\u00f3n de beneficiarios con los que se cuenta en Michoac\u00e1n.<br \/>\nCon estos hechos se reitera el compromiso por cumplir con las metas establecidas en los programas de desarrollo social para favorecer la inclusi\u00f3n social y la ayuda en la econom\u00eda de los michoacanos.<br \/>\nCabe destacar que LICONSA cerrara el a\u00f1o con 20 nuevas lecher\u00edas en Michoac\u00e1n, con estas acciones se refrenda el compromiso del Secretario de SEDESOL, Lic. Luis Enrique Miranda Nava y del Director General de LICONSA, Lic. H\u00e9ctor Pablo Ram\u00edrez Puga Leyva de que m\u00e1s michoacanos se vean beneficiados con el Programa de Abasto Social de Leche Liconsa.<\/p>\n","protected":false},"excerpt":{"rendered":"<p>Cumpliendo con la instrucci\u00f3n del Gobierno de la Rep\u00fablica que encabeza el Presidente Enrique Pe\u00f1a Nieto, LICONSA Michoac\u00e1n, al mando de su Gerente Estatal, Ger\u00f3nimo Color Gasca realiz\u00f3 jornadas de incorporaci\u00f3n al Programa de Abasto Social de Leche LICONSA en diversos municipios de Michoac\u00e1n.<\/p>\n","protected":false},"author":1,"featured_media":28250,"comment_status":"open","ping_status":"open","sticky":false,"template":"","format":"standard","meta":{"footnotes":""},"categories":[14,3],"tags":[],"class_list":["post-28249","post","type-post","status-publish","format-standard","has-post-thumbnail","hentry","category-destacadas","category-gobierno-del-estado-de-michoacan"],"_links":{"self":[{"href":"https:\/\/radiowebmx.com\/nota\/wp-json\/wp\/v2\/posts\/28249","targetHints":{"allow":["GET"]}}],"collection":[{"href":"https:\/\/radiowebmx.com\/nota\/wp-json\/wp\/v2\/posts"}],"about":[{"href":"https:\/\/radiowebmx.com\/nota\/wp-json\/wp\/v2\/types\/post"}],"author":[{"embeddable":true,"href":"https:\/\/radiowebmx.com\/nota\/wp-json\/wp\/v2\/users\/1"}],"replies":[{"embeddable":true,"href":"https:\/\/radiowebmx.com\/nota\/wp-json\/wp\/v2\/comments?post=28249"}],"version-history":[{"count":1,"href":"https:\/\/radiowebmx.com\/nota\/wp-json\/wp\/v2\/posts\/28249\/revisions"}],"predecessor-version":[{"id":28251,"href":"https:\/\/radiowebmx.com\/nota\/wp-json\/wp\/v2\/posts\/28249\/revisions\/28251"}],"wp:featuredmedia":[{"embeddable":true,"href":"https:\/\/radiowebmx.com\/nota\/wp-json\/wp\/v2\/media\/28250"}],"wp:attachment":[{"href":"https:\/\/radiowebmx.com\/nota\/wp-json\/wp\/v2\/media?parent=28249"}],"wp:term":[{"taxonomy":"category","embeddable":true,"href":"https:\/\/radiowebmx.com\/nota\/wp-json\/wp\/v2\/categories?post=28249"},{"taxonomy":"post_tag","embeddable":true,"href":"https:\/\/radiowebmx.com\/nota\/wp-json\/wp\/v2\/tags?post=28249"}],"curies":[{"name":"wp","href":"https:\/\/api.w.org\/{rel}","templated":true}]}}