{"id":28244,"date":"2016-11-28T12:12:33","date_gmt":"2016-11-28T18:12:33","guid":{"rendered":"https:\/\/radiowebmx.com\/nota\/?p=28244"},"modified":"2016-11-28T12:12:33","modified_gmt":"2016-11-28T18:12:33","slug":"dif-morelia-dara-abrigo-a-miles-de-morelianos","status":"publish","type":"post","link":"https:\/\/radiowebmx.com\/nota\/dif-morelia-dara-abrigo-a-miles-de-morelianos\/","title":{"rendered":"DIF Morelia dar\u00e1 abrigo a miles de morelianos"},"content":{"rendered":"<p><img loading=\"lazy\" decoding=\"async\" src=\"https:\/\/radiowebmx.com\/nota\/wp-content\/uploads\/2016\/11\/ecdef047-7e42-4ffc-aabc-d2cadff4c7d6.jpeg\" alt=\"ecdef047-7e42-4ffc-aabc-d2cadff4c7d6\" width=\"709\" height=\"472\" class=\"alignleft size-full wp-image-28245\" srcset=\"https:\/\/radiowebmx.com\/nota\/wp-content\/uploads\/2016\/11\/ecdef047-7e42-4ffc-aabc-d2cadff4c7d6.jpeg 709w, https:\/\/radiowebmx.com\/nota\/wp-content\/uploads\/2016\/11\/ecdef047-7e42-4ffc-aabc-d2cadff4c7d6-300x200.jpeg 300w\" sizes=\"auto, (max-width: 709px) 100vw, 709px\" \/><\/p>\n<p>Con el objetivo de brindar abrigo a las personas que m\u00e1s padecen de fr\u00edo en las zonas vulnerables de la capital del estado, el Ayuntamiento de Morelia a trav\u00e9s del DIF Municipal, arranc\u00f3 este lunes con la entrega de cobijas para comunidades y colonias de la ciudad.<\/p>\n<p>El Presidente Municipal, Alfonso Mart\u00ednez Alc\u00e1zar y la Presidenta Honoraria del DIF, Paola Delgadillo de Mart\u00ednez dieron el banderazo de salida para que la primera caravana con 600 cobijas partiera rumbo a las zonas de San Jos\u00e9 de las Altas Torres, El Durazno y At\u00e9cuaro.<\/p>\n<p>Al brindar su mensaje, la Presidenta Honoraria del DIF, Paola Delgadillo destac\u00f3 que est\u00e1 acci\u00f3n se realiza gracias al apoyo de la ciudadan\u00eda que ha donado cobijas en beneficio del 29 por ciento de los ciudadanos, que son los que m\u00e1s padecen del fr\u00edo durante esta \u00e9poca invernal.<\/p>\n<p>Acompa\u00f1ada por diferentes Secretarios que integran la actual Administraci\u00f3n Municipal, mencion\u00f3 que la dependencia a su cargo seguir\u00e1 recibiendo los donativos de quienes deseen continuar apoyando esta noble causa.<\/p>\n<p>Cabe mencionar que los donativos se seguir\u00e1n recibiendo en las instalaciones del DIF Morelia ubicadas en la calle Vicente Barroso de la Escayola #135 en la Colonia La Estrella, en un horario de 09:00 a 16:00 horas.<\/p>\n<p>Por su parte, el Alcalde, Alfonso Mart\u00ednez Alc\u00e1zar, durante un breve saludo se uni\u00f3 a la invitaci\u00f3n de la Presidenta Honoraria, esto debido a que existen muchas familias que requieren del apoyo de todos los morelianos, por lo que asegur\u00f3 que cada una de las cobijas donadas llegar\u00e1 a las personas que lo necesiten.<\/p>\n<p>Es de precisar que hasta el momento el DIF Morelia ha recolectado 6 mil 500 cobijas las cuales ser\u00e1n entregadas en 120 localidades y colonias de Morelia, esperando superar esta cantidad ya que la recepci\u00f3n de donativos estar\u00e1 durante toda la temporada invernal.<\/p>\n<p>Con estas acciones el Gobierno Municipal cumple con el objetivo de apoyar a las familias que m\u00e1s lo requieren, brindando el apoyo necesario para sobrellevar una \u00e9poca dif\u00edcil de fr\u00edo en los meses de diciembre, enero y febrero.<\/p>\n","protected":false},"excerpt":{"rendered":"<p>Con el objetivo de brindar abrigo a las personas que m\u00e1s padecen de fr\u00edo en las zonas vulnerables de la capital del estado, el Ayuntamiento de Morelia a trav\u00e9s del DIF Municipal, arranc\u00f3 este lunes con la entrega de cobijas para comunidades y colonias de la ciudad.<\/p>\n","protected":false},"author":1,"featured_media":28245,"comment_status":"open","ping_status":"open","sticky":false,"template":"","format":"standard","meta":{"footnotes":""},"categories":[14,9],"tags":[],"class_list":["post-28244","post","type-post","status-publish","format-standard","has-post-thumbnail","hentry","category-destacadas","category-morelia"],"_links":{"self":[{"href":"https:\/\/radiowebmx.com\/nota\/wp-json\/wp\/v2\/posts\/28244","targetHints":{"allow":["GET"]}}],"collection":[{"href":"https:\/\/radiowebmx.com\/nota\/wp-json\/wp\/v2\/posts"}],"about":[{"href":"https:\/\/radiowebmx.com\/nota\/wp-json\/wp\/v2\/types\/post"}],"author":[{"embeddable":true,"href":"https:\/\/radiowebmx.com\/nota\/wp-json\/wp\/v2\/users\/1"}],"replies":[{"embeddable":true,"href":"https:\/\/radiowebmx.com\/nota\/wp-json\/wp\/v2\/comments?post=28244"}],"version-history":[{"count":1,"href":"https:\/\/radiowebmx.com\/nota\/wp-json\/wp\/v2\/posts\/28244\/revisions"}],"predecessor-version":[{"id":28246,"href":"https:\/\/radiowebmx.com\/nota\/wp-json\/wp\/v2\/posts\/28244\/revisions\/28246"}],"wp:featuredmedia":[{"embeddable":true,"href":"https:\/\/radiowebmx.com\/nota\/wp-json\/wp\/v2\/media\/28245"}],"wp:attachment":[{"href":"https:\/\/radiowebmx.com\/nota\/wp-json\/wp\/v2\/media?parent=28244"}],"wp:term":[{"taxonomy":"category","embeddable":true,"href":"https:\/\/radiowebmx.com\/nota\/wp-json\/wp\/v2\/categories?post=28244"},{"taxonomy":"post_tag","embeddable":true,"href":"https:\/\/radiowebmx.com\/nota\/wp-json\/wp\/v2\/tags?post=28244"}],"curies":[{"name":"wp","href":"https:\/\/api.w.org\/{rel}","templated":true}]}}