{"id":2824,"date":"2013-06-05T11:50:29","date_gmt":"2013-06-05T16:50:29","guid":{"rendered":"https:\/\/radiowebmx.com\/nota\/?p=2824"},"modified":"2013-06-05T11:50:29","modified_gmt":"2013-06-05T16:50:29","slug":"inversiones-en-michoacan-muestra-del-trabajo-a-favor-de-los-sectores-productivos-jesus-reyna","status":"publish","type":"post","link":"https:\/\/radiowebmx.com\/nota\/inversiones-en-michoacan-muestra-del-trabajo-a-favor-de-los-sectores-productivos-jesus-reyna\/","title":{"rendered":"INVERSIONES EN MICHOAC\u00c1N, MUESTRA DEL TRABAJO A FAVOR DE LOS SECTORES PRODUCTIVOS: JES\u00daS REYNA"},"content":{"rendered":"<p>En conferencia de prensa, el gobernador del estado, Jes\u00fas Reyna Garc\u00eda destac\u00f3 el trabajo que en materia de atracci\u00f3n de inversiones realiza la actual administraci\u00f3n y que da cuenta de los resultados que ya se observan a favor de los diversos sectores productivos de Michoac\u00e1n.<\/p>\n<p>El mandatario estatal explic\u00f3 que en el Parque Industrial de Ecuandureo, la empresa Panfrut, se instalar\u00e1 en breve con una inversi\u00f3n de al menos 250 millones de pesos y generar\u00e1 alrededor de 600 empleos directos.<\/p>\n<p>La industria congela frutas y vegetales mediante un proceso moderno que de manera \u00fanica e individual conserva el producto hasta que llega al consumidor final, lo cual consider\u00f3, puede mejorar sustancialmente la exportaci\u00f3n a los Estados Unidos y otros pa\u00edses y por ende, la econom\u00eda de las familias de la regi\u00f3n Baj\u00edo.<\/p>\n<p>De igual manera, Jes\u00fas Reyna resalt\u00f3 que gracias a la constante promoci\u00f3n del potencial de crecimiento del estado, est\u00e1 por concretarse un acuerdo con la Coordinaci\u00f3n de Puertos y con la Administraci\u00f3n Portuaria Integral (API) de L\u00e1zaro C\u00e1rdenas, para realizar un proyecto de interconexi\u00f3n entre el Recinto Fiscalizado y la Aduana Mar\u00edtima de la API, que tendr\u00e1 un costo de 4 millones, aportados por la federaci\u00f3n para que quede interconectado dicho recinto y facilitar el acceso de las embarcaciones internacionales.<\/p>\n<p>Con estas acciones se aprovechar\u00e1n las ventajas log\u00edsticas del Puerto industrial y comercial, y se favorece el acceso a los barcos provenientes de otros pa\u00edses para participar en las cadenas del transporte mar\u00edtimo internacional mas desarrolladas.<\/p>\n<p><strong>FACILITAN LAS INVERSIONES EN LOS MUNICIPIOS<\/strong><\/p>\n<p>Tambi\u00e9n, Reyna Garc\u00eda resalt\u00f3 que se convino con la Comisi\u00f3n Federal de Mejora Regulatoria el mejorar la regularizaci\u00f3n, instalaci\u00f3n y desarrollo de empresas en los municipios, a fin de darle prontitud a los tr\u00e1mites para que, sin violar la legalidad, los inversionistas obtengan una respuesta m\u00e1s \u00e1gil de parte de las autoridades locales.<\/p>\n<p>La Mejora Regulatoria es una pol\u00edtica p\u00fablica para la generaci\u00f3n de normas claras, tr\u00e1mites y servicios simplificados, que a trav\u00e9s de instituciones eficaces orientan para la obtenci\u00f3n del mayor valor posible de los recursos disponibles y del \u00f3ptimo funcionamiento de las actividades comerciales, industriales, productivas, de servicios y de desarrollo humano.<\/p>\n<p><strong>GESTIONAN M\u00c1S DE 90 MDP PARA LA MESETA Y LA CA\u00d1ADA DE LOS ONCE PUEBLOS <\/strong><\/p>\n<p>Tambi\u00e9n, el jefe del Ejecutivo estatal celebr\u00f3 la visita realizada a la comunidad de Ur\u00e9n,\u00a0 donde se realiz\u00f3 una reuni\u00f3n con habitantes de la Meseta Pur\u00e9pecha y de la Ca\u00f1ada de los Once Pueblos, as\u00ed como con la mayor\u00eda de los titulares de las diversas dependencias estatales y 15 delegados federales, y a donde acudi\u00f3 Nuvia Mayorga Delgado, Directora de la Comisi\u00f3n Nacional para el Desarrollo de los Pueblos Ind\u00edgenas.<\/p>\n<p>El mandatario estatal, dijo que gracias al trabajo coordinado con la Federaci\u00f3n, se ha convenido para zonas ind\u00edgenas, una\u00a0 inversi\u00f3n superior a los 91 millones de pesos, recursos que se aplicar\u00e1n de forma bipartita de las diversas regiones para la realizaci\u00f3n de 48 obras.<\/p>\n<p>En relaci\u00f3n a las comunidades ind\u00edgenas y el tema de la seguridad, el gobernador del estado refiri\u00f3 que la semana pasada realiz\u00f3 una amplia reuni\u00f3n con habitantes y autoridades de las comunidades de Los Reyes, Sicuicho, Cherato, Cheratillo y otras de la Meseta Pur\u00e9pecha, donde acord\u00f3 con la autoridad municipal y los interesados, en instalar nuevamente la Base de Operaciones Mixtas que garantizar\u00e1 la tranquilidad en la regi\u00f3n.<\/p>\n<p><strong>PRUEBA ENLACE SEGUIR\u00c1 APLIC\u00c1NDOSE EN LA ENTIDAD<\/strong><\/p>\n<p>Sobre la Prueba Enlace el gobernador Reyna Garc\u00eda afirm\u00f3 que sigue aplic\u00e1ndose sin contratiempos en Michoac\u00e1n y que se ha dialogado con la secci\u00f3n XVIII de la CNTE, para recuperar al 100 por ciento el funcionamiento de las escuelas de educaci\u00f3n b\u00e1sica, adem\u00e1s de que actualmente no supera el 10 por ciento el n\u00famero de centros escolares en paro de labores. Tambi\u00e9n confi\u00f3 en que la siguiente semana se reestablezca el servicio educativo en dichos pla<\/p>\n","protected":false},"excerpt":{"rendered":"<p>En conferencia de prensa, el gobernador del estado, Jes\u00fas Reyna Garc\u00eda destac\u00f3 el trabajo que en materia de atracci\u00f3n de inversiones realiza la actual administraci\u00f3n y que da cuenta de los resultados que ya se observan a favor de los diversos sectores productivos de Michoac\u00e1n.<\/p>\n","protected":false},"author":1,"featured_media":0,"comment_status":"open","ping_status":"open","sticky":false,"template":"","format":"standard","meta":{"footnotes":""},"categories":[3],"tags":[],"class_list":["post-2824","post","type-post","status-publish","format-standard","hentry","category-gobierno-del-estado-de-michoacan"],"_links":{"self":[{"href":"https:\/\/radiowebmx.com\/nota\/wp-json\/wp\/v2\/posts\/2824","targetHints":{"allow":["GET"]}}],"collection":[{"href":"https:\/\/radiowebmx.com\/nota\/wp-json\/wp\/v2\/posts"}],"about":[{"href":"https:\/\/radiowebmx.com\/nota\/wp-json\/wp\/v2\/types\/post"}],"author":[{"embeddable":true,"href":"https:\/\/radiowebmx.com\/nota\/wp-json\/wp\/v2\/users\/1"}],"replies":[{"embeddable":true,"href":"https:\/\/radiowebmx.com\/nota\/wp-json\/wp\/v2\/comments?post=2824"}],"version-history":[{"count":2,"href":"https:\/\/radiowebmx.com\/nota\/wp-json\/wp\/v2\/posts\/2824\/revisions"}],"predecessor-version":[{"id":2826,"href":"https:\/\/radiowebmx.com\/nota\/wp-json\/wp\/v2\/posts\/2824\/revisions\/2826"}],"wp:attachment":[{"href":"https:\/\/radiowebmx.com\/nota\/wp-json\/wp\/v2\/media?parent=2824"}],"wp:term":[{"taxonomy":"category","embeddable":true,"href":"https:\/\/radiowebmx.com\/nota\/wp-json\/wp\/v2\/categories?post=2824"},{"taxonomy":"post_tag","embeddable":true,"href":"https:\/\/radiowebmx.com\/nota\/wp-json\/wp\/v2\/tags?post=2824"}],"curies":[{"name":"wp","href":"https:\/\/api.w.org\/{rel}","templated":true}]}}