{"id":28227,"date":"2016-11-28T11:33:14","date_gmt":"2016-11-28T17:33:14","guid":{"rendered":"https:\/\/radiowebmx.com\/nota\/?p=28227"},"modified":"2016-11-28T11:33:14","modified_gmt":"2016-11-28T17:33:14","slug":"inicia-gobernador-obras-por-mas-de-11-mdp-en-cenobio-moreno-municipio-de-apatzingan","status":"publish","type":"post","link":"https:\/\/radiowebmx.com\/nota\/inicia-gobernador-obras-por-mas-de-11-mdp-en-cenobio-moreno-municipio-de-apatzingan\/","title":{"rendered":"Inicia Gobernador obras por m\u00e1s de 11 mdp en Cenobio Moreno, municipio de Apatzing\u00e1n"},"content":{"rendered":"<p><img loading=\"lazy\" decoding=\"async\" src=\"https:\/\/radiowebmx.com\/nota\/wp-content\/uploads\/2016\/11\/3df55da3-6ef8-4ff3-9f2d-805a687c3113.jpeg\" alt=\"3df55da3-6ef8-4ff3-9f2d-805a687c3113\" width=\"709\" height=\"472\" class=\"alignleft size-full wp-image-28228\" srcset=\"https:\/\/radiowebmx.com\/nota\/wp-content\/uploads\/2016\/11\/3df55da3-6ef8-4ff3-9f2d-805a687c3113.jpeg 709w, https:\/\/radiowebmx.com\/nota\/wp-content\/uploads\/2016\/11\/3df55da3-6ef8-4ff3-9f2d-805a687c3113-300x200.jpeg 300w\" sizes=\"auto, (max-width: 709px) 100vw, 709px\" \/><\/p>\n<p><img loading=\"lazy\" decoding=\"async\" src=\"https:\/\/radiowebmx.com\/nota\/wp-content\/uploads\/2016\/11\/e5476086-72dd-4ec6-ad75-3f01547f470d.jpeg\" alt=\"e5476086-72dd-4ec6-ad75-3f01547f470d\" width=\"709\" height=\"472\" class=\"alignleft size-full wp-image-28229\" srcset=\"https:\/\/radiowebmx.com\/nota\/wp-content\/uploads\/2016\/11\/e5476086-72dd-4ec6-ad75-3f01547f470d.jpeg 709w, https:\/\/radiowebmx.com\/nota\/wp-content\/uploads\/2016\/11\/e5476086-72dd-4ec6-ad75-3f01547f470d-300x200.jpeg 300w\" sizes=\"auto, (max-width: 709px) 100vw, 709px\" \/><\/p>\n<p>Cenobio Moreno, mpio. de Apatzing\u00e1n, Michoac\u00e1n, a 27 de noviembre de 2016.- Con una inversi\u00f3n de 11.6 millones de pesos el Gobernador Constitucional Silvano Aureoles Conejo dio arranque de los trabajos de construcci\u00f3n del Centro de Salud, rehabilitaci\u00f3n de la Avenida L\u00e1zaro C\u00e1rdenas y la edificaci\u00f3n de la red el\u00e9ctrica a\u00e9rea de media y alta tensi\u00f3n de la tenencia Cenobio Moreno del municipio de Apatzing\u00e1n.<\/p>\n<p>En su mensaje, el mandatario estatal destac\u00f3 que el trabajo que se inici\u00f3 en abril pasado, para que Cenobio Moreno se convierta en Comunidad Modelo, es una &#8220;f\u00f3rmula correcta&#8221;, pues la labor que realizan autoridades y ciudadan\u00eda, &#8220;es el correcto para seguir adelante&#8221;.<\/p>\n<p>El Gobernador de Michoac\u00e1n manifest\u00f3 que estas acciones de infraestructura forman parte de los compromisos asumidos con Cenobio Moreno. &#8220;Gracias a los resultados que se han dado, la ciudadan\u00eda comienza a sentir la diferencia&#8221;.<\/p>\n<p>En este sentido, destac\u00f3 que derivado de la coordinaci\u00f3n entre autoridades y ciudadan\u00eda existe una nueva forma de gobernar. &#8220;Ustedes nos dicen qu\u00e9 es lo m\u00e1s importante, que es lo m\u00e1s urgente; es as\u00ed que se inicia una nueva forma de relaci\u00f3n&#8221;.<\/p>\n<p>En su oportunidad, el secretario de Comunicaciones y Obras P\u00fablicas, Jos\u00e9 Juan Dom\u00ednguez L\u00f3pez, explic\u00f3 que en la rehabilitaci\u00f3n de la Avenida L\u00e1zaro C\u00e1rdenas se trabajar\u00e1 en 1.4 kil\u00f3metros con una inversi\u00f3n de 2.7 millones de pesos; mientras que en la edificaci\u00f3n de la red el\u00e9ctrica de media y alta tensi\u00f3n se requerir\u00e1n 900 mil pesos y en el Centro de Salud alrededor de 8 millones de pesos, edificio que contar\u00e1 con consultorios, archivos cl\u00ednicos, \u00e1rea de curaci\u00f3n, entre otros.<\/p>\n<p>El presidente municipal de Apatzing\u00e1n, C\u00e9sar Ch\u00e1vez Garibay, agradeci\u00f3 los trabajos realizados por el mandatario estatal. &#8220;Es un Gobernador que no ha dejado de venir y eso habla del compromiso que tiene con Cenobio Moreno&#8221;.<\/p>\n<p>Posteriormente, Silvano Aureoles puso en marcha la Guarder\u00eda Infantil &#8220;El Jard\u00edn de Venecia&#8221;, estancia que atender\u00e1 a 31 ni\u00f1os de 1 a 4 a\u00f1os de edad.<\/p>\n<p>Sostiene d\u00e9cimo cuarta reuni\u00f3n de evaluaci\u00f3n del Comit\u00e9 Ciudadano de Cenobio Moreno<\/p>\n<p>Momentos m\u00e1s tarde, Aureoles Conejo sostuvo la d\u00e9cima cuarta reuni\u00f3n de evaluaci\u00f3n del Comit\u00e9 Ciudadano de Cenobio Moreno, donde se mostraron los avances realizados en acciones de infraestructura social y de obra p\u00fablica en esta tenencia.<\/p>\n<p>El Gobernador de Michoac\u00e1n destac\u00f3 que en Cenobio Moreno se ha invertido m\u00e1s cantidad de recursos en el rubro de obra p\u00fablica que lo que se realiza en Apatzing\u00e1n.<\/p>\n<p>&#8220;Mi reto es que en pr\u00f3ximos a\u00f1os este lugar sea otra comunidad. Compromiso que haga con ustedes, se los voy a cumplir&#8221;.<\/p>\n<p>Por lo interior, pidi\u00f3 a los integrantes del Comit\u00e9 Ciudadano y a los secretarios de las diversas dependencias &#8220;no bajar la guardia&#8221;.<\/p>\n<p>Es importante se\u00f1alar que en esta gira de trabajo el mandatario estatal entreg\u00f3 una camioneta al jefe de tenencia de Cenobio Moreno, Esteban Nava Torres, veh\u00edculo que servir\u00e1 para apoyar en la realizaci\u00f3n de sus funciones como autoridad auxiliar.<\/p>\n<p>Asistieron el secretario de Gobierno, Adri\u00e1n L\u00f3pez Sol\u00eds; el mando especial para la seguridad de Michoac\u00e1n, general Pedro Felipe Gurrola Ram\u00edrez; la titular de la Sepsol, Miriam Tinoco Soto; el secretario de Seguridad P\u00fablica, Juan Bernardo Corona Mart\u00ednez; el procurador General de Justicia del Estado, Jos\u00e9 Mart\u00edn Godoy Castro; el secretario de Educaci\u00f3n en el Estado, Alberto Frutis Sol\u00eds; la secretaria de Salud, Silvia Hern\u00e1ndez Capi; el delegado de la Sedesol, V\u00edctor Manuel Tapia Casta\u00f1eda; el comandante de la 43 Zona Militar, general Cruz Isaac Mu\u00f1oz Navarro; la titular de la Seimujer, Fabiola Alan\u00eds S\u00e1mano; el secretario de Desarrollo Territorial, Urbano y Movilidad, Sergio Adem Argueta; la directora general del Instituto de la Juventud Michoacana, Giulianna Bugarini Torres; entre otros.<\/p>\n","protected":false},"excerpt":{"rendered":"<p>Con una inversi\u00f3n de 11.6 millones de pesos el Gobernador Constitucional Silvano Aureoles Conejo dio arranque de los trabajos de construcci\u00f3n del Centro de Salud, rehabilitaci\u00f3n de la Avenida L\u00e1zaro C\u00e1rdenas y la edificaci\u00f3n de la red el\u00e9ctrica a\u00e9rea de media y alta tensi\u00f3n de la tenencia Cenobio Moreno del municipio de Apatzing\u00e1n.<\/p>\n","protected":false},"author":1,"featured_media":28228,"comment_status":"open","ping_status":"open","sticky":false,"template":"","format":"standard","meta":{"footnotes":""},"categories":[14,3],"tags":[],"class_list":["post-28227","post","type-post","status-publish","format-standard","has-post-thumbnail","hentry","category-destacadas","category-gobierno-del-estado-de-michoacan"],"_links":{"self":[{"href":"https:\/\/radiowebmx.com\/nota\/wp-json\/wp\/v2\/posts\/28227","targetHints":{"allow":["GET"]}}],"collection":[{"href":"https:\/\/radiowebmx.com\/nota\/wp-json\/wp\/v2\/posts"}],"about":[{"href":"https:\/\/radiowebmx.com\/nota\/wp-json\/wp\/v2\/types\/post"}],"author":[{"embeddable":true,"href":"https:\/\/radiowebmx.com\/nota\/wp-json\/wp\/v2\/users\/1"}],"replies":[{"embeddable":true,"href":"https:\/\/radiowebmx.com\/nota\/wp-json\/wp\/v2\/comments?post=28227"}],"version-history":[{"count":1,"href":"https:\/\/radiowebmx.com\/nota\/wp-json\/wp\/v2\/posts\/28227\/revisions"}],"predecessor-version":[{"id":28230,"href":"https:\/\/radiowebmx.com\/nota\/wp-json\/wp\/v2\/posts\/28227\/revisions\/28230"}],"wp:featuredmedia":[{"embeddable":true,"href":"https:\/\/radiowebmx.com\/nota\/wp-json\/wp\/v2\/media\/28228"}],"wp:attachment":[{"href":"https:\/\/radiowebmx.com\/nota\/wp-json\/wp\/v2\/media?parent=28227"}],"wp:term":[{"taxonomy":"category","embeddable":true,"href":"https:\/\/radiowebmx.com\/nota\/wp-json\/wp\/v2\/categories?post=28227"},{"taxonomy":"post_tag","embeddable":true,"href":"https:\/\/radiowebmx.com\/nota\/wp-json\/wp\/v2\/tags?post=28227"}],"curies":[{"name":"wp","href":"https:\/\/api.w.org\/{rel}","templated":true}]}}