{"id":28223,"date":"2016-11-28T11:29:42","date_gmt":"2016-11-28T17:29:42","guid":{"rendered":"https:\/\/radiowebmx.com\/nota\/?p=28223"},"modified":"2016-11-28T11:29:42","modified_gmt":"2016-11-28T17:29:42","slug":"imumo-apuesta-por-el-empoderamiento-de-las-mujeres-morelianas","status":"publish","type":"post","link":"https:\/\/radiowebmx.com\/nota\/imumo-apuesta-por-el-empoderamiento-de-las-mujeres-morelianas\/","title":{"rendered":"IMUMO apuesta por el empoderamiento de las mujeres morelianas"},"content":{"rendered":"<p><img loading=\"lazy\" decoding=\"async\" src=\"https:\/\/radiowebmx.com\/nota\/wp-content\/uploads\/2016\/11\/2d3bfb7a-c0e7-42d9-915b-2965658d7e71.jpeg\" alt=\"2d3bfb7a-c0e7-42d9-915b-2965658d7e71\" width=\"709\" height=\"472\" class=\"alignleft size-full wp-image-28225\" srcset=\"https:\/\/radiowebmx.com\/nota\/wp-content\/uploads\/2016\/11\/2d3bfb7a-c0e7-42d9-915b-2965658d7e71.jpeg 709w, https:\/\/radiowebmx.com\/nota\/wp-content\/uploads\/2016\/11\/2d3bfb7a-c0e7-42d9-915b-2965658d7e71-300x200.jpeg 300w\" sizes=\"auto, (max-width: 709px) 100vw, 709px\" \/><\/p>\n<p>Con el firme objetivo de empoderar el papel de las mujeres en Morelia, en el \u00e1mbito productivo y econ\u00f3mico y como parte de las actividades del D\u00eda Municipal de la Eliminaci\u00f3n de la Violencia Contra la Mujer Moreliana, este domingo, autoridades municipales inauguraron en el Bosque Cuauht\u00e9moc, el Bazar de Mujeres Emprendedoras, impulsado por el Instituto que representa a este sector de la poblaci\u00f3n.<\/p>\n<p>Con la presencia de Ireri Rivera Garc\u00eda, Secretaria de Desarrollo Econ\u00f3mico y Emprendedor; la Regidora, Alma Rosa Bahena Villalobos, integrante de la Comisi\u00f3n Mujer, Juventud y Deporte del Ayuntamiento y Jos\u00e9 Luis Gil V\u00e1zquez, Secretario de Servicios P\u00fablicos Municipales, la Directora del Instituto de la Mujer Moreliana, Mar\u00eda Eugenia Romero Olvera, se pronunci\u00f3 complacida ya que con la inauguraci\u00f3n de este bazar se conjuntan todos los esfuerzos que realiza la dependencia municipal y el Gobierno que encabeza el Alcalde, Alfonso Mart\u00ednez Alc\u00e1zar, para promover el empoderamiento femenino en el \u00e1mbito econ\u00f3mico a trav\u00e9s de la muestra de los productos que ellas ofrecen.<\/p>\n<p>Dijo que las capacitaciones y difusi\u00f3n que este evento ofrece a las mujeres emprendedoras es tan s\u00f3lo el inicio de muchas actividades que abonar\u00e1n a refrendar a la mujer moreliana en el papel protag\u00f3nico en el que pertenece.<\/p>\n<p>Por su parte la Secretaria de Desarrollo Econ\u00f3mico y Emprendedor, Ireri Rivera Garc\u00eda, explic\u00f3 que la instancia a su cargo se encuentra trabajando mano a mano con el IMUMO en la apertura de espacios de difusi\u00f3n de las actividades productivas de las mujeres, citando como ejemplo la p\u00e1gina web produce.morelia.gob.mx, la cual busca dar a conocer la producci\u00f3n, caracter\u00edsticas y precios de los productos de las emprendedoras.<\/p>\n<p>Asimismo dijo que su Secretar\u00eda provee cursos de capacitaci\u00f3n para el establecimiento de una empresa seria, \u201cqueremos empezar a verlas como empresarias, por eso estamos ofreciendo cursos a la medida, a sus tiempos y cuantas veces gusten tomarlo y tenemos otro basado en una metodolog\u00eda federal v\u00eda el Instituto Nacional del Emprendedor que se llama \u201cIncubaci\u00f3n en L\u00ednea\u201d, al cual solo hay que inscribirse a trav\u00e9s de la red de apoyo al emprendedor\u201d.<\/p>\n<p>Agreg\u00f3 que luego de la conclusi\u00f3n de estos cursos, las emprendedoras podr\u00e1n hacerse acreedoras a un financiamiento a trav\u00e9s del propio Gobierno Federal, en un trabajo en conjunto con su Secretar\u00eda, buscando abrir la posibilidad del inicio de un negocio para las mujeres de Morelia.<\/p>\n<p>Estas estrategias, el apoyo a Micro, Peque\u00f1as y Medianas empresas, la marca \u201cHaz Barrio entre otras son tan solo algunas de las diversas posibilidades que las mujeres pueden aprovechar para desarrollarse en el \u00e1mbito empresarial, como lo ha instruido el Alcalde, Alfonso Mart\u00ednez, concluy\u00f3 Rivera Garc\u00eda.<\/p>\n<p>En el \u201cBazar de la Mujer Emprendedora\u201d se pueden encontrar un abanico de productos realizados por mujeres de la Capital Michoacana, que van de colonias como Villas del Pedregal, Metr\u00f3polis, Guadalupe hasta Tenencias como Capula.<\/p>\n","protected":false},"excerpt":{"rendered":"<p>Con el firme objetivo de empoderar el papel de las mujeres en Morelia, en el \u00e1mbito productivo y econ\u00f3mico y como parte de las actividades del D\u00eda Municipal de la Eliminaci\u00f3n de la Violencia Contra la Mujer Moreliana, este domingo, autoridades municipales inauguraron en el Bosque Cuauht\u00e9moc, el Bazar de Mujeres Emprendedoras, impulsado por el Instituto que representa a este sector de la poblaci\u00f3n.<\/p>\n","protected":false},"author":1,"featured_media":28224,"comment_status":"open","ping_status":"open","sticky":false,"template":"","format":"standard","meta":{"footnotes":""},"categories":[14,9],"tags":[],"class_list":["post-28223","post","type-post","status-publish","format-standard","has-post-thumbnail","hentry","category-destacadas","category-morelia"],"_links":{"self":[{"href":"https:\/\/radiowebmx.com\/nota\/wp-json\/wp\/v2\/posts\/28223","targetHints":{"allow":["GET"]}}],"collection":[{"href":"https:\/\/radiowebmx.com\/nota\/wp-json\/wp\/v2\/posts"}],"about":[{"href":"https:\/\/radiowebmx.com\/nota\/wp-json\/wp\/v2\/types\/post"}],"author":[{"embeddable":true,"href":"https:\/\/radiowebmx.com\/nota\/wp-json\/wp\/v2\/users\/1"}],"replies":[{"embeddable":true,"href":"https:\/\/radiowebmx.com\/nota\/wp-json\/wp\/v2\/comments?post=28223"}],"version-history":[{"count":1,"href":"https:\/\/radiowebmx.com\/nota\/wp-json\/wp\/v2\/posts\/28223\/revisions"}],"predecessor-version":[{"id":28226,"href":"https:\/\/radiowebmx.com\/nota\/wp-json\/wp\/v2\/posts\/28223\/revisions\/28226"}],"wp:featuredmedia":[{"embeddable":true,"href":"https:\/\/radiowebmx.com\/nota\/wp-json\/wp\/v2\/media\/28224"}],"wp:attachment":[{"href":"https:\/\/radiowebmx.com\/nota\/wp-json\/wp\/v2\/media?parent=28223"}],"wp:term":[{"taxonomy":"category","embeddable":true,"href":"https:\/\/radiowebmx.com\/nota\/wp-json\/wp\/v2\/categories?post=28223"},{"taxonomy":"post_tag","embeddable":true,"href":"https:\/\/radiowebmx.com\/nota\/wp-json\/wp\/v2\/tags?post=28223"}],"curies":[{"name":"wp","href":"https:\/\/api.w.org\/{rel}","templated":true}]}}