{"id":2821,"date":"2013-06-05T11:46:17","date_gmt":"2013-06-05T16:46:17","guid":{"rendered":"https:\/\/radiowebmx.com\/nota\/?p=2821"},"modified":"2013-06-05T11:46:17","modified_gmt":"2013-06-05T16:46:17","slug":"convoca-sejoven-al-premio-estatal-al-merito-juvenil-2013","status":"publish","type":"post","link":"https:\/\/radiowebmx.com\/nota\/convoca-sejoven-al-premio-estatal-al-merito-juvenil-2013\/","title":{"rendered":"CONVOCA SEJOVEN AL PREMIO ESTATAL AL  M\u00c9RITO JUVENIL 2013"},"content":{"rendered":"<p>Se present\u00f3 de manera oficial la convocatoria del Premio Estatal al M\u00e9rito Juvenil 2013, que es el reconocimiento m\u00e1s importante que el Gobierno del Estado de Michoac\u00e1n, a trav\u00e9s dela Secretar\u00edade los J\u00f3venes (SEJOVEN), otorga a\u00f1o con a\u00f1o a las y los j\u00f3venes michoacanos que se distingan por sus logros, talentos y aportaciones al desarrollo de la sociedad.<\/p>\n<p>&nbsp;<\/p>\n<p>Durante la ceremonia de presentaci\u00f3n, Alma Gonz\u00e1lez Rojas, ganadora del Premio Estatal al M\u00e9rito Juvenil 2012 en la categor\u00eda \u201cA\u201d en Equidad de G\u00e9nero, as\u00ed como Luis Ventura dela Rosa, recipiendario del Premio Estatal 2012 en la categor\u00eda de Discapacidad e Integraci\u00f3n, compartieron sus experiencias de como la presea les abri\u00f3 puertas y perspectivas.<\/p>\n<p>&nbsp;<\/p>\n<p>En el evento estuvieron presentes Celia Mar\u00eda Figueroa de Regil, coordinadora de Proyectos y Programas Educativos, en representaci\u00f3n de Jes\u00fas V\u00e1zquez Estupi\u00f1\u00e1n, secretario de los J\u00f3venes, lo mismo que Narayani Barbosa Mendoza, l\u00edder de Proyectos parala Prevenci\u00f3nyla Deserci\u00f3n Escolar.<\/p>\n<p>&nbsp;<\/p>\n<p>Figueroa de Regil destac\u00f3 que la instituci\u00f3n se preocupa por el desarrollo integral de los j\u00f3venes michoacanos, para lo cual se abren espacios para reconocerles, de manera individual o grupal, por su trabajo, esfuerzo, dinamismo, creatividad, dedicaci\u00f3n y compromiso social con el estado.<\/p>\n<p>&nbsp;<\/p>\n<p>El Premio Estatal al M\u00e9rito Juvenil tiene como objetivo reconocer los logros, talentos y aportaciones al compromiso social de las y los j\u00f3venes michoacanos para que sean el ejemplo de sus contempor\u00e1neos y los motiven a comenzar, impulsar o consolidar proyectos en beneficio de la sociedad.<\/p>\n<p>&nbsp;<\/p>\n<p>Se manejan 9 distinciones:<\/p>\n<p>&nbsp;<\/p>\n<ol>\n<li>M\u00e9rito Acad\u00e9mico<\/li>\n<li>Promoci\u00f3n de los Derechos y Culturas Ind\u00edgenas<\/li>\n<li>Ciencia y Tecnolog\u00eda<\/li>\n<li>Discapacidad e Integraci\u00f3n<\/li>\n<li>Fomento ala Organizaci\u00f3ny Participaci\u00f3n Democr\u00e1tica<\/li>\n<li>Equidad de G\u00e9nero<\/li>\n<li>Desarrollo Econ\u00f3mico<\/li>\n<li>Expresi\u00f3n Art\u00edstica<\/li>\n<li>Protecci\u00f3n al Medio Ambiente<\/li>\n<\/ol>\n<p>Categor\u00eda A:15 a20 a\u00f1os<\/p>\n<p>Categor\u00eda B:21 a29 a\u00f1os<\/p>\n<p>&nbsp;<\/p>\n<p>El premio consta de 750 salarios m\u00ednimos que equivalen a 46 mil 35 pesos; el cierre de convocatoria es el d\u00eda 12 de julio a las 4 de la tarde: Las bases y documentos a entregar\u00a0 se encuentra en la p\u00e1gina de internet <a href=\"http:\/\/www.xn--jvenes-bxa.michoacan.gob.mx\/\">www.j\u00f3venes.michoacan.gob.mx<\/a><\/p>\n<p>&nbsp;<\/p>\n<p>Como experiencia, los participantes manifiestan que su participaci\u00f3n en el certamen les ha ayudado a salir adelante, porque ser reconocidos los motiv\u00f3 a consolidar sus sue\u00f1os d\u00eda a d\u00eda, proponiendo cosas para su localidad, estado, pa\u00eds, ya que ellos son el presente y pueden cambiar el futuro.<\/p>\n<p>&nbsp;<\/p>\n<p>Luis Ventura dela Rosa, un joven con discapacidad que recibi\u00f3 la condecoraci\u00f3n en 2012, destac\u00f3 que el certamen le gener\u00f3 la gran responsabilidad de dar lo mejor de s\u00ed a la sociedad. Este fue un est\u00edmulo para salir adelante ya que el reconocerse a j\u00f3venes talentosos se les impulsa a luchar por sus objetivos, expuso<\/p>\n<p>&nbsp;<\/p>\n<p>Este a\u00f1o se espera recibir al menos 400 proyectos para buscar talentos y reconocer esas historias de \u00e9xito. No s\u00f3lo de los ganadores, sino de todos aquellos j\u00f3venes que gracias a su dedicaci\u00f3n y compromiso mejoran su entorno social, econ\u00f3mico o cultural.<\/p>\n<p>&nbsp;<\/p>\n<p>Para la evaluaci\u00f3n de las propuestas se convocar\u00e1 a especialistas para cada una de las \u00e1reas quienes revisar\u00e1n los expedientes a fin de determinar ganadores y en su caso, Menciones Honor\u00edficas, como en 2012, que se declararon a 3 j\u00f3venes con esta distinci\u00f3n.<\/p>\n<p>&nbsp;<\/p>\n<p>A la fecha ya se tiene un centenar de j\u00f3venes inscritos de manera formal, y hay un importante n\u00famero expedientes en la etapa de integraci\u00f3n, por lo que se les aconseja a los interesados iniciar con su registro, pues no habr\u00e1 ampliaci\u00f3n del plazo. Es importante destacar que la premiaci\u00f3n se realizar\u00e1 en Casa de Gobierno, el d\u00eda 13 de septiembre, y la ceremonia ser\u00e1 presidida por el gobernador del Estado.<\/p>\n<p>&nbsp;<\/p>\n","protected":false},"excerpt":{"rendered":"<p>Se present\u00f3 de manera oficial la convocatoria del Premio Estatal al M\u00e9rito Juvenil 2013, que es el reconocimiento m\u00e1s importante que el Gobierno del Estado de Michoac\u00e1n, a trav\u00e9s dela Secretar\u00edade los J\u00f3venes (SEJOVEN), otorga a\u00f1o con a\u00f1o a las y los j\u00f3venes michoacanos que se distingan por sus logros, talentos y aportaciones al desarrollo de la sociedad.<\/p>\n","protected":false},"author":1,"featured_media":0,"comment_status":"open","ping_status":"open","sticky":false,"template":"","format":"standard","meta":{"footnotes":""},"categories":[3],"tags":[],"class_list":["post-2821","post","type-post","status-publish","format-standard","hentry","category-gobierno-del-estado-de-michoacan"],"_links":{"self":[{"href":"https:\/\/radiowebmx.com\/nota\/wp-json\/wp\/v2\/posts\/2821","targetHints":{"allow":["GET"]}}],"collection":[{"href":"https:\/\/radiowebmx.com\/nota\/wp-json\/wp\/v2\/posts"}],"about":[{"href":"https:\/\/radiowebmx.com\/nota\/wp-json\/wp\/v2\/types\/post"}],"author":[{"embeddable":true,"href":"https:\/\/radiowebmx.com\/nota\/wp-json\/wp\/v2\/users\/1"}],"replies":[{"embeddable":true,"href":"https:\/\/radiowebmx.com\/nota\/wp-json\/wp\/v2\/comments?post=2821"}],"version-history":[{"count":2,"href":"https:\/\/radiowebmx.com\/nota\/wp-json\/wp\/v2\/posts\/2821\/revisions"}],"predecessor-version":[{"id":2823,"href":"https:\/\/radiowebmx.com\/nota\/wp-json\/wp\/v2\/posts\/2821\/revisions\/2823"}],"wp:attachment":[{"href":"https:\/\/radiowebmx.com\/nota\/wp-json\/wp\/v2\/media?parent=2821"}],"wp:term":[{"taxonomy":"category","embeddable":true,"href":"https:\/\/radiowebmx.com\/nota\/wp-json\/wp\/v2\/categories?post=2821"},{"taxonomy":"post_tag","embeddable":true,"href":"https:\/\/radiowebmx.com\/nota\/wp-json\/wp\/v2\/tags?post=2821"}],"curies":[{"name":"wp","href":"https:\/\/api.w.org\/{rel}","templated":true}]}}