{"id":2818,"date":"2013-06-05T11:41:44","date_gmt":"2013-06-05T16:41:44","guid":{"rendered":"https:\/\/radiowebmx.com\/nota\/?p=2818"},"modified":"2013-06-05T11:41:44","modified_gmt":"2013-06-05T16:41:44","slug":"realiza-gobernador-jesus-reyna-primer-encuentro-con-autoridades-comunales","status":"publish","type":"post","link":"https:\/\/radiowebmx.com\/nota\/realiza-gobernador-jesus-reyna-primer-encuentro-con-autoridades-comunales\/","title":{"rendered":"REALIZA GOBERNADOR JES\u00daS REYNA PRIMER ENCUENTRO CON AUTORIDADES COMUNALES"},"content":{"rendered":"<p>Porque el gobierno del estado no solo reside en la capital sino en todo el territorio estatal, el gobernador de Michoac\u00e1n Jes\u00fas Reyna Garc\u00eda, acompa\u00f1ado de integrantes del Gabinete Legal y Ampliado, adem\u00e1s de delegados federales, se reuni\u00f3 con cerca de 80 autoridades comunales dela Ca\u00f1adade los Once Pueblos, Meseta Pur\u00e9pecha y Ci\u00e9nega de Zacapu, de quienes escuch\u00f3 sus principales necesidades y quienes manifestaron su voluntad de trabajar de la mano con autoridades estatales y federales, a fin de llevar desarrollo a sus comunidades.<\/p>\n<p>En reuni\u00f3n de trabajo sin precedentes, que se extendi\u00f3 por m\u00e1s de 4 horas y \u00a0en donde prevaleci\u00f3 el di\u00e1logo y el respeto, Reyna Garc\u00eda afirm\u00f3 que de este encuentro, todos los funcionarios estatales se llevan tareas espec\u00edficas en que la premisa es dar seguimiento a cada petici\u00f3n y responderla con puntualidad y en medida de las necesidades del gobierno de Michoac\u00e1n.<\/p>\n<p>Ante la presencia de Nuvia Mayorga Delgado, directora general dela Comisi\u00f3n Nacionalpara el Desarrollo de los Pueblos Ind\u00edgenas (CDI) y representante del presidente Enrique Pe\u00f1a Nieto, el mandatario estatal asever\u00f3 que ni reuniendo todos los recursos de los diferentes \u00f3rdenes de gobierno, se pueden satisfacer totalmente las necesidades de las comunidades, por lo que conmin\u00f3 a las autoridades auxiliares y comunales a priorizar las cuestiones m\u00e1s urgentes en sus territorios para que juntos, puedan resolverlas por el bien de sus habitantes.<\/p>\n<p>Reyna Garc\u00eda confirm\u00f3 su compromiso y el de todos los integrantes del Gabinete estatal, de visitar las comunidades y corresponder a las gestiones de los representantes de la poblaci\u00f3n, con un contacto directo para escuchar de viva voz sus planteamientos.<\/p>\n<p>Reconoci\u00f3 a la diputada local Rosa Mar\u00eda Molina Rojas, por la organizaci\u00f3n de esta mesa de trabajo, as\u00ed como a la senadora Roc\u00edo Pineda Gochi, diputados federales, locales, adem\u00e1s de los delegados federales en la entidad, por su colaboraci\u00f3n para que de esta reuni\u00f3n, se construyan acciones concretas para las comunidades ind\u00edgenas.<\/p>\n<p>&nbsp;<\/p>\n<p>En su intervenci\u00f3n, la titular dela CDI, Nuvia Mayorga, manifest\u00f3 que para el presidente Pe\u00f1a Nieto es importante apoyar donde desgraciadamente, existe pobreza y record\u00f3 que de los 400 municipios que beneficiala Cruzada Nacionalcontra el Hambre, el 60 por ciento corresponde a comunidades ind\u00edgenas, de ah\u00ed el inter\u00e9s de visitarlas y conocer qu\u00e9 es lo que m\u00e1s necesitan.<\/p>\n<p>Destac\u00f3 que en comparaci\u00f3n con 2012, este a\u00f1o se increment\u00f3 el recurso quela Comisi\u00f3n Nacionalpara el Desarrollo de los Pueblos Ind\u00edgenas destinar\u00e1 a Michoac\u00e1n, que es de poco m\u00e1s de 60 millones de pesos, para llevar a las comunidades electrificaciones, caminos, agua potable, entre otros servicios, aunque reconoci\u00f3 que \u201cfalta mucho por hacer\u201d.<\/p>\n<p>\u201cVamos a seguir viniendo a este estado de Michoac\u00e1n que sabemos tiene muchas necesidades, pero quiero decirles que no est\u00e1n solos, tienen el apoyo del presidente Enrique Pe\u00f1a Nieto, del gobierno federal y desde luego vamos a salir adelante\u201d, manifest\u00f3.<\/p>\n<p>Al dar la bienvenida a los part\u00edcipes de esta reuni\u00f3n, el presidente municipal de Chilchota, Roberto Rubio Maga\u00f1a, celebr\u00f3 este encuentro que afirm\u00f3, quedar\u00e1 grabado en la historia de las comunidades ind\u00edgenas, pues por primera vez, el jefe del Ejecutivo estatal tiene este acercamiento sin intermediarios, con las autoridades comunales en uno de sus lugares de origen.<\/p>\n<p>\u201cEs una muestra de comuni\u00f3n y voluntad que espero se cristalice en acciones concretas en beneficio de quienes habitamos estas comunidades\u201d, extern\u00f3.<\/p>\n<p>Al asegurar que cada peso que de manera conjunta con las autoridades estatales y federales se invierta, se ejecutar\u00e1 de manera transparente y equitativa, el edil solicit\u00f3 adem\u00e1s tres acciones principales para este municipio: el equipamiento y abasto de medicamentos para la cl\u00ednica del lugar; la conclusi\u00f3n del colector de aguas residuales y la construcci\u00f3n de la planta de tratamiento de aguas negras, as\u00ed como la edificaci\u00f3n de una escuela de educaci\u00f3n especial que tenga impacto regional.<\/p>\n<p>La diputada local, Rosa Mar\u00eda Molina Rojas, encargada de moderar este encuentro, manifest\u00f3 que en d\u00edas pasados una comisi\u00f3n de autoridades comunales visit\u00f3 la capital del pa\u00eds a fin de ser recibidos por autoridades federales para presentar sus solicitudes; de igual manera, se extendi\u00f3 la petici\u00f3n al mandatario estatal para que visitara directamente sus poblaciones con el objetivo de escuchar directamente sus necesidades m\u00e1s apremiantes, de ah\u00ed que se acord\u00f3 el realizar esta reuni\u00f3n.<\/p>\n<p><strong>LAS PRINCIPALES DEMANDAS<\/strong><\/p>\n<p>Los presidentes de Bienes Comunales de casi 80 poblaciones de las tres regiones de la entidad representadas en esta sesi\u00f3n, uno a uno fueron exponiendo sus principales demandas y necesidades, entre las que destacan el dotar de agua a las comunidades, programas que incidan en la preservaci\u00f3n de recurso forestal, modernizaci\u00f3n y construcci\u00f3n de las v\u00edas de comunicaci\u00f3n, as\u00ed como acciones que brinden alternativas de empleo para los habitantes de estas zonas.<\/p>\n<p>Tambi\u00e9n solicitaron el apoyo de las autoridades estatales y federales para garantizar el servicio permanente de atenci\u00f3n a la salud, as\u00ed como el abasto de medicamentos en las unidades m\u00e9dicas rurales.<\/p>\n<p>Intervino adem\u00e1s el director dela Comisi\u00f3n Forestaldel estado, Cuauht\u00e9moc Ram\u00edrez Romero, quien explic\u00f3 que ya realizan acciones para atender el tema de la preservaci\u00f3n del recurso forestal, para lo cual se trabaja de la mano de las autoridades locales en la vigilancia comunitaria y producci\u00f3n de planta. Agreg\u00f3 que se prepara una campa\u00f1a contra incendios, en que se premiar\u00e1 a las comunidades que no presenten incidentes gracias a sus medidas de prevenci\u00f3n y con la realizaci\u00f3n de una red estatal de brigadas.<\/p>\n<p>De igual manera, Ramiro Guzm\u00e1n Rodr\u00edguez, coordinador dela Comisi\u00f3n Estatalde Agua y Gesti\u00f3n de Cuencas, apunt\u00f3 que se tiene la instrucci\u00f3n del gobernador Jes\u00fas Reyna de culminar todas las obras pendientes de 2011, sobre lo cual ya se trabaja, as\u00ed como en las gestiones para la perforaci\u00f3n de pozo profundos, otra de las peticiones m\u00e1s recurrentes de las comunidades.<\/p>\n<p>En tanto que Alejandro Avil\u00e9s Reyes, secretario de Pueblos Ind\u00edgenas del estado, agreg\u00f3 que el jefe del Ejecutivo estatal autoriz\u00f3 para este ejercicio anual una partida extraordinaria de 8 millones de pesos para quela Secretar\u00edaapoye con m\u00e1s obras y acciones a las poblaciones ind\u00edgenas.<\/p>\n<p>Refiri\u00f3 que los integrantes del Gabinete del estado, tienen la indicaci\u00f3n de ir a las comunidades al encuentro con los michoacanos, \u201clo cual comprobamos \u00a0con esta reuni\u00f3n, pues tenemos la tarea de recorrer todas las regiones, cada quien en su campo de acci\u00f3n\u201d.<\/p>\n<p><strong>INAUGURA GOBERNADOR OBRAS EN CHILCHOTA<\/strong><\/p>\n<p>En su gira por este municipio, el gobernador del estado Jes\u00fas Reyna, acompa\u00f1\u00f3 al edil Roberto Rubio en la inauguraci\u00f3n de algunas obras en la cabecera municipal, comola Calle Nacionaly el anexo ala Presidencia Municipal, adem\u00e1s de la techumbre del patio c\u00edvico dela Escuela Primaria\u201cBenito Ju\u00e1rez\u201d, de la comunidad de Ur\u00e9n, algunas de la cuales comprenden participaci\u00f3n estatal.<\/p>\n<p>&nbsp;<\/p>\n","protected":false},"excerpt":{"rendered":"<p>Porque el gobierno del estado no solo reside en la capital sino en todo el territorio estatal, el gobernador de Michoac\u00e1n Jes\u00fas Reyna Garc\u00eda, acompa\u00f1ado de integrantes del Gabinete Legal y Ampliado<\/p>\n","protected":false},"author":1,"featured_media":0,"comment_status":"open","ping_status":"open","sticky":false,"template":"","format":"standard","meta":{"footnotes":""},"categories":[3],"tags":[],"class_list":["post-2818","post","type-post","status-publish","format-standard","hentry","category-gobierno-del-estado-de-michoacan"],"_links":{"self":[{"href":"https:\/\/radiowebmx.com\/nota\/wp-json\/wp\/v2\/posts\/2818","targetHints":{"allow":["GET"]}}],"collection":[{"href":"https:\/\/radiowebmx.com\/nota\/wp-json\/wp\/v2\/posts"}],"about":[{"href":"https:\/\/radiowebmx.com\/nota\/wp-json\/wp\/v2\/types\/post"}],"author":[{"embeddable":true,"href":"https:\/\/radiowebmx.com\/nota\/wp-json\/wp\/v2\/users\/1"}],"replies":[{"embeddable":true,"href":"https:\/\/radiowebmx.com\/nota\/wp-json\/wp\/v2\/comments?post=2818"}],"version-history":[{"count":2,"href":"https:\/\/radiowebmx.com\/nota\/wp-json\/wp\/v2\/posts\/2818\/revisions"}],"predecessor-version":[{"id":2820,"href":"https:\/\/radiowebmx.com\/nota\/wp-json\/wp\/v2\/posts\/2818\/revisions\/2820"}],"wp:attachment":[{"href":"https:\/\/radiowebmx.com\/nota\/wp-json\/wp\/v2\/media?parent=2818"}],"wp:term":[{"taxonomy":"category","embeddable":true,"href":"https:\/\/radiowebmx.com\/nota\/wp-json\/wp\/v2\/categories?post=2818"},{"taxonomy":"post_tag","embeddable":true,"href":"https:\/\/radiowebmx.com\/nota\/wp-json\/wp\/v2\/tags?post=2818"}],"curies":[{"name":"wp","href":"https:\/\/api.w.org\/{rel}","templated":true}]}}