{"id":28119,"date":"2016-11-24T14:18:57","date_gmt":"2016-11-24T20:18:57","guid":{"rendered":"https:\/\/radiowebmx.com\/nota\/?p=28119"},"modified":"2016-11-24T14:18:57","modified_gmt":"2016-11-24T20:18:57","slug":"wilfrido-lazaro-reconoce-la-labor-de-las-organizaciones-civiles-a-favor-de-grupos-vulnerables","status":"publish","type":"post","link":"https:\/\/radiowebmx.com\/nota\/wilfrido-lazaro-reconoce-la-labor-de-las-organizaciones-civiles-a-favor-de-grupos-vulnerables\/","title":{"rendered":"Wilfrido L\u00e1zaro reconoce la labor de las organizaciones civiles a favor de grupos vulnerables"},"content":{"rendered":"<p><img loading=\"lazy\" decoding=\"async\" src=\"https:\/\/radiowebmx.com\/nota\/wp-content\/uploads\/2016\/11\/thumbnail_Comunicado-1542.jpg\" alt=\"thumbnail_comunicado-1542\" width=\"709\" height=\"472\" class=\"alignleft size-full wp-image-28120\" srcset=\"https:\/\/radiowebmx.com\/nota\/wp-content\/uploads\/2016\/11\/thumbnail_Comunicado-1542.jpg 709w, https:\/\/radiowebmx.com\/nota\/wp-content\/uploads\/2016\/11\/thumbnail_Comunicado-1542-300x200.jpg 300w\" sizes=\"auto, (max-width: 709px) 100vw, 709px\" \/><\/p>\n<p>Morelia; Michoac\u00e1n, 24 de noviembre de 2016.- El trabajo que realizan diferentes asociaciones civiles y fundaciones a favor de los grupos m\u00e1s vulnerables, sin duda es fundamental para generar mejores condiciones y calidad de vida para las y los michoacanos, asegur\u00f3 el diputado del PRI, Wilfrido L\u00e1zaro Medina, tras reconocer la labor que hacen fundaciones y organizaciones civiles a favor de estos sectores sociales.<\/p>\n<p>El diputado que present\u00f3 este mi\u00e9rcoles ante el Pleno del Congreso del Estado un exhorto para invitar de manera respetuosa el gobernador de la entidad Silvano Aureoles Conejo a liquidar los pendientes que se tienen con la fundaci\u00f3n Centro de Rehabilitaci\u00f3n Integral Telet\u00f3n (CRIT), e invit\u00f3 a la ciudadan\u00eda y a los diputados locales a donar a favor de esta causa, refiri\u00f3 que la participaci\u00f3n social es fundamental para hacer un trabajo conjunto a favor de los sectores m\u00e1s vulnerables.<\/p>\n<p>Record\u00f3 que diversas organizaciones civiles, fundaciones y agrupaciones que trabajan en pro de la sociedad, van de la mano con el gobierno Estatal, por ello dijo es esencial que la autoridad contribuya con estas causas que permiten caminar de la mano en favor de que personas con discapacidad, mujeres que sufren violencia, ni\u00f1os y j\u00f3venes que sufren adicciones o personas con carencia alimentaria, que son atendidas por las Organizaciones No Gubernamentales (ONG).<\/p>\n<p>El diputado aclar\u00f3 que no se trata de sustituir la labor que es responsabilidad del gobierno, sin embargo, se\u00f1al\u00f3 que las organizaciones civiles y las fundaciones permiten establecer mecanismos de atenci\u00f3n conjunta para generar bienestar social.<\/p>\n<p>El legislador se refiri\u00f3 a la situaci\u00f3n que enfrenta el CRIT Morelia, mismo que actualmente atiende a cerca de mil menores con altos est\u00e1ndares de calidad, record\u00f3 que el pr\u00f3ximo 9 y 10 de diciembre llevar\u00e1 a cabo el Telet\u00f3n con una duraci\u00f3n de 25 horas y media y una meta de recaudaci\u00f3n de 327 millones 267 mil pesos, por lo que consider\u00f3 fundamental apoyar y esta y otras causas sociales.<\/p>\n<p>L\u00e1zaro Medina subray\u00f3 que los centros del Telet\u00f3n, cuentan con hospital oncol\u00f3gico, as\u00ed como atenci\u00f3n especializada para el autismo, brindan atenci\u00f3n m\u00e9dica que va desde rehabilitaci\u00f3n, cirug\u00edas, trasplantes de m\u00e9dula \u00f3sea hasta quimioterapias, atendiendo a 27 mil 501 menores, sin embargo la mala situaci\u00f3n financiera propici\u00f3 que 761 personas dejaran de laborar a partir de febrero de este a\u00f1o, lo que provoc\u00f3 que fueran cerrados algunos turnos vespertinos de los CRIT del Estado de M\u00e9xico, Chiapas y Aguascalientes.<\/p>\n<p>Por esta raz\u00f3n, el diputado tricolor reiter\u00f3 su postura a favor de sumarse a estas causas, sociales cuya finalidad es la defensa de los derechos humanos, la inclusi\u00f3n social y apoyar el trabajo que hace el Estado para la calidad de vida y desarrollo social de las y los michoacanos.<\/p>\n","protected":false},"excerpt":{"rendered":"<p>El trabajo que realizan diferentes asociaciones civiles y fundaciones a favor de los grupos m\u00e1s vulnerables, sin duda es fundamental para generar mejores condiciones y calidad de vida para las y los michoacanos, asegur\u00f3 el diputado del PRI, Wilfrido L\u00e1zaro Medina, tras reconocer la labor que hacen fundaciones y organizaciones civiles a favor de estos sectores sociales.<\/p>\n","protected":false},"author":1,"featured_media":28120,"comment_status":"open","ping_status":"open","sticky":false,"template":"","format":"standard","meta":{"footnotes":""},"categories":[6,14,7],"tags":[],"class_list":["post-28119","post","type-post","status-publish","format-standard","has-post-thumbnail","hentry","category-congreso-del-estado","category-destacadas","category-grupo-parlamentario-del-pri"],"_links":{"self":[{"href":"https:\/\/radiowebmx.com\/nota\/wp-json\/wp\/v2\/posts\/28119","targetHints":{"allow":["GET"]}}],"collection":[{"href":"https:\/\/radiowebmx.com\/nota\/wp-json\/wp\/v2\/posts"}],"about":[{"href":"https:\/\/radiowebmx.com\/nota\/wp-json\/wp\/v2\/types\/post"}],"author":[{"embeddable":true,"href":"https:\/\/radiowebmx.com\/nota\/wp-json\/wp\/v2\/users\/1"}],"replies":[{"embeddable":true,"href":"https:\/\/radiowebmx.com\/nota\/wp-json\/wp\/v2\/comments?post=28119"}],"version-history":[{"count":1,"href":"https:\/\/radiowebmx.com\/nota\/wp-json\/wp\/v2\/posts\/28119\/revisions"}],"predecessor-version":[{"id":28121,"href":"https:\/\/radiowebmx.com\/nota\/wp-json\/wp\/v2\/posts\/28119\/revisions\/28121"}],"wp:featuredmedia":[{"embeddable":true,"href":"https:\/\/radiowebmx.com\/nota\/wp-json\/wp\/v2\/media\/28120"}],"wp:attachment":[{"href":"https:\/\/radiowebmx.com\/nota\/wp-json\/wp\/v2\/media?parent=28119"}],"wp:term":[{"taxonomy":"category","embeddable":true,"href":"https:\/\/radiowebmx.com\/nota\/wp-json\/wp\/v2\/categories?post=28119"},{"taxonomy":"post_tag","embeddable":true,"href":"https:\/\/radiowebmx.com\/nota\/wp-json\/wp\/v2\/tags?post=28119"}],"curies":[{"name":"wp","href":"https:\/\/api.w.org\/{rel}","templated":true}]}}