{"id":28115,"date":"2016-11-24T14:01:31","date_gmt":"2016-11-24T20:01:31","guid":{"rendered":"https:\/\/radiowebmx.com\/nota\/?p=28115"},"modified":"2016-11-24T14:01:31","modified_gmt":"2016-11-24T20:01:31","slug":"gobierno-municipal-impulsa-la-economia-local","status":"publish","type":"post","link":"https:\/\/radiowebmx.com\/nota\/gobierno-municipal-impulsa-la-economia-local\/","title":{"rendered":"Gobierno Municipal impulsa la econom\u00eda local"},"content":{"rendered":"<p><img loading=\"lazy\" decoding=\"async\" src=\"https:\/\/radiowebmx.com\/nota\/wp-content\/uploads\/2016\/11\/a9126a56-10d9-46cb-8e5c-cb09e35d0afe.jpg\" alt=\"a9126a56-10d9-46cb-8e5c-cb09e35d0afe\" width=\"709\" height=\"472\" class=\"alignleft size-full wp-image-28116\" srcset=\"https:\/\/radiowebmx.com\/nota\/wp-content\/uploads\/2016\/11\/a9126a56-10d9-46cb-8e5c-cb09e35d0afe.jpg 709w, https:\/\/radiowebmx.com\/nota\/wp-content\/uploads\/2016\/11\/a9126a56-10d9-46cb-8e5c-cb09e35d0afe-300x200.jpg 300w\" sizes=\"auto, (max-width: 709px) 100vw, 709px\" \/><\/p>\n<p><img loading=\"lazy\" decoding=\"async\" src=\"https:\/\/radiowebmx.com\/nota\/wp-content\/uploads\/2016\/11\/b27465f6-738d-4f18-a224-0d9a396a34bc.jpg\" alt=\"b27465f6-738d-4f18-a224-0d9a396a34bc\" width=\"709\" height=\"472\" class=\"alignleft size-full wp-image-28117\" srcset=\"https:\/\/radiowebmx.com\/nota\/wp-content\/uploads\/2016\/11\/b27465f6-738d-4f18-a224-0d9a396a34bc.jpg 709w, https:\/\/radiowebmx.com\/nota\/wp-content\/uploads\/2016\/11\/b27465f6-738d-4f18-a224-0d9a396a34bc-300x200.jpg 300w\" sizes=\"auto, (max-width: 709px) 100vw, 709px\" \/><\/p>\n<p>En el \u00e1nimo de reforzar las costumbres t\u00edpicas de la \u00e9poca navide\u00f1a, as\u00ed como reactivar la econom\u00eda de las plazas y mercados municipales, por segundo a\u00f1o consecutivo se llevar\u00e1 a cabo el Festival  \u201cConserva Tradiciones Rompiendo Pi\u00f1atas\u201d, en la Plaza Allende de esta ciudad, a partir de este jueves hasta el 6 de enero del 2016.<\/p>\n<p>Lo anterior, lo inform\u00f3 el Secretario de Servicios P\u00fablicos Municipales, Jos\u00e9 Luis Gil V\u00e1zquez, en rueda de prensa en la que estuvo acompa\u00f1ado de la Regidora, Alma Rosa Bahena Villalobos, coordinadora de la Comisi\u00f3n de Servicios P\u00fablicos; el Director General del Colegio de Morelia, Alejandro Amante Urbina; as\u00ed como el comerciante de este espacio, Manuel Dom\u00ednguez Gonz\u00e1lez.<\/p>\n<p>\u201cEn este segundo Festival tenemos dos objetivos b\u00e1sicos: promover y conservar las tradiciones, que aunque la pi\u00f1ata no es originaria de M\u00e9xico, ya fue adoptada en nuestro pa\u00eds y seguir fortaleciendo a los comerciantes locales y que nosotros como morelianos hagamos barrio y regresemos a comprar a los mercados p\u00fablicos\u201d, indic\u00f3 ante la presencia tambi\u00e9n de estudiantes de la Escuela Primaria Michoac\u00e1n.<\/p>\n<p>En este tenor, el funcionario municipal, detall\u00f3 que en total son 25 los comerciantes de la Plaza Allende los que se dedican a elaborar las pi\u00f1atas tradicionales de 7 picos, y de las cuales hay una variedad de tama\u00f1os y colores, por ello invit\u00f3 a la ciudadan\u00eda a acudir a este espacio a adquirir uno de estos elementos decembrinos.<\/p>\n<p>En su oportunidad, la Regidora, Alma Bahena, destac\u00f3 el trabajo artesanal que realizan los oferentes en esta \u00e9poca para realizar pi\u00f1atas de calidad, y refrend\u00f3 el compromiso de la Administraci\u00f3n que encabeza el Presidente Municipal, Alfonso Mart\u00ednez Alc\u00e1zar, para reactivar la econom\u00eda local.<\/p>\n<p>\u201cEstamos del lado de los ciudadanos, a quienes seguiremos apoyando en este Gobierno Municipal, para fortalecer su econom\u00eda, as\u00ed como la del grueso de la poblaci\u00f3n\u201d, agreg\u00f3.<\/p>\n<p>Al hacer uso de la voz, el comerciante Manuel Dom\u00ednguez, reconoci\u00f3 el apoyo del Alcalde, Alfonso Mart\u00ednez, as\u00ed como de sus colaboradores para hacer posible por segunda ocasi\u00f3n este Festival, a desarrollarse en la Plaza ubicada en la calle Allende 719, , esquina Nicol\u00e1s Bravo, colonia Centro, en un horario de 9:00 a 20:00 horas.<\/p>\n","protected":false},"excerpt":{"rendered":"<p>En el \u00e1nimo de reforzar las costumbres t\u00edpicas de la \u00e9poca navide\u00f1a, as\u00ed como reactivar la econom\u00eda de las plazas y mercados municipales, por segundo a\u00f1o consecutivo se llevar\u00e1 a cabo el Festival  \u201cConserva Tradiciones Rompiendo Pi\u00f1atas\u201d, en la Plaza Allende de esta ciudad, a partir de este jueves hasta el 6 de enero del 2016.<\/p>\n","protected":false},"author":1,"featured_media":28116,"comment_status":"open","ping_status":"open","sticky":false,"template":"","format":"standard","meta":{"footnotes":""},"categories":[14,9],"tags":[],"class_list":["post-28115","post","type-post","status-publish","format-standard","has-post-thumbnail","hentry","category-destacadas","category-morelia"],"_links":{"self":[{"href":"https:\/\/radiowebmx.com\/nota\/wp-json\/wp\/v2\/posts\/28115","targetHints":{"allow":["GET"]}}],"collection":[{"href":"https:\/\/radiowebmx.com\/nota\/wp-json\/wp\/v2\/posts"}],"about":[{"href":"https:\/\/radiowebmx.com\/nota\/wp-json\/wp\/v2\/types\/post"}],"author":[{"embeddable":true,"href":"https:\/\/radiowebmx.com\/nota\/wp-json\/wp\/v2\/users\/1"}],"replies":[{"embeddable":true,"href":"https:\/\/radiowebmx.com\/nota\/wp-json\/wp\/v2\/comments?post=28115"}],"version-history":[{"count":1,"href":"https:\/\/radiowebmx.com\/nota\/wp-json\/wp\/v2\/posts\/28115\/revisions"}],"predecessor-version":[{"id":28118,"href":"https:\/\/radiowebmx.com\/nota\/wp-json\/wp\/v2\/posts\/28115\/revisions\/28118"}],"wp:featuredmedia":[{"embeddable":true,"href":"https:\/\/radiowebmx.com\/nota\/wp-json\/wp\/v2\/media\/28116"}],"wp:attachment":[{"href":"https:\/\/radiowebmx.com\/nota\/wp-json\/wp\/v2\/media?parent=28115"}],"wp:term":[{"taxonomy":"category","embeddable":true,"href":"https:\/\/radiowebmx.com\/nota\/wp-json\/wp\/v2\/categories?post=28115"},{"taxonomy":"post_tag","embeddable":true,"href":"https:\/\/radiowebmx.com\/nota\/wp-json\/wp\/v2\/tags?post=28115"}],"curies":[{"name":"wp","href":"https:\/\/api.w.org\/{rel}","templated":true}]}}