{"id":28112,"date":"2016-11-24T13:52:30","date_gmt":"2016-11-24T19:52:30","guid":{"rendered":"https:\/\/radiowebmx.com\/nota\/?p=28112"},"modified":"2016-11-24T13:52:30","modified_gmt":"2016-11-24T19:52:30","slug":"todo-listo-para-realizar-el-xvi-coloquio-de-comunicacion-educativa-en-morelia","status":"publish","type":"post","link":"https:\/\/radiowebmx.com\/nota\/todo-listo-para-realizar-el-xvi-coloquio-de-comunicacion-educativa-en-morelia\/","title":{"rendered":"Todo listo para realizar el XVI Coloquio de Comunicaci\u00f3n Educativa en Morelia"},"content":{"rendered":"<p><img loading=\"lazy\" decoding=\"async\" src=\"https:\/\/radiowebmx.com\/nota\/wp-content\/uploads\/2016\/11\/2066936f-27dd-4431-89a0-393bf2ab39d7.jpg\" alt=\"2066936f-27dd-4431-89a0-393bf2ab39d7\" width=\"709\" height=\"472\" class=\"alignleft size-full wp-image-28113\" srcset=\"https:\/\/radiowebmx.com\/nota\/wp-content\/uploads\/2016\/11\/2066936f-27dd-4431-89a0-393bf2ab39d7.jpg 709w, https:\/\/radiowebmx.com\/nota\/wp-content\/uploads\/2016\/11\/2066936f-27dd-4431-89a0-393bf2ab39d7-300x200.jpg 300w\" sizes=\"auto, (max-width: 709px) 100vw, 709px\" \/><\/p>\n<p>Morelia, Michoac\u00e1n a 24 de noviembre de 2016.- Con la finalidad de brindar a los docentes michoacanos un espacio de reflexi\u00f3n a trav\u00e9s del uso de los medios de comunicaci\u00f3n y tecnolog\u00edas informativas, la Secretar\u00eda de Educaci\u00f3n en el Estado (SEE), a trav\u00e9s de la Direcci\u00f3n de Educaci\u00f3n extraescolar, tiene lista la organizaci\u00f3n para llevar a cabo el \u201cXVI Coloquio de Comunicaci\u00f3n Educativa\u201d.<\/p>\n<p>Dicho coloquio se desarrollar\u00e1 en el Colegio de Morelia (antes Poliforum Digital) los d\u00edas 1 y 2 de diciembre donde se contar\u00e1 con la participaci\u00f3n de 350 docentes a qui\u00e9nes se les pretende proporcionar herramientas necesarias que les permitan crear propuestas pedag\u00f3gicas conforme al nuevo modelo educativo, enfrentando as\u00ed los retos que demanda la sociedad del siglo XXI. <\/p>\n<p>Adem\u00e1s, de que les permitir\u00e1 trasformar su pr\u00e1ctica educativa y generar nuevas propuestas pedag\u00f3gicas que redunden en la educaci\u00f3n de nuestras ni\u00f1as y ni\u00f1os michoacanos.<\/p>\n<p>Durante  el coloquio se llevar\u00e1n a cabo talleres y conferencias sobre el perfil del docente ante una sociedad en constante transformaci\u00f3n, estrategias acad\u00e9micas y emocionales para el aprendizaje y los desaf\u00edos de la sociedad del conocimiento. <\/p>\n<p>As\u00ed como, pedagog\u00eda audiovisual, lo presencial y lo virtual en la educaci\u00f3n del siglo XXI, publicidad gr\u00e1fica y receptores cr\u00edticos; por mencionar algunos. <\/p>\n<p>Cabe se\u00f1alar, que este tipo de coloquios de actualizaci\u00f3n, permite dotar a los docentes de nuevas herramientas educativas y pedag\u00f3gicas que permiten a nuestros mentores elevar el nivel educativo de nuestra ni\u00f1ez y juventud de la entidad.<\/p>\n<p>El costo de inscripci\u00f3n al Coloquio es de 200 pesos durante la semana en curso y 250 pesos del 28 al 30 de noviembre. Para mayores informes los interesados podr\u00e1n comunicarse al n\u00famero de tel\u00e9fono (443)3 27 71 77 o al correo electr\u00f3nico comeduc2@hotmail.com<\/p>\n","protected":false},"excerpt":{"rendered":"<p>Con la finalidad de brindar a los docentes michoacanos un espacio de reflexi\u00f3n a trav\u00e9s del uso de los medios de comunicaci\u00f3n y tecnolog\u00edas informativas, la Secretar\u00eda de Educaci\u00f3n en el Estado (SEE), a trav\u00e9s de la Direcci\u00f3n de Educaci\u00f3n extraescolar, tiene lista la organizaci\u00f3n para llevar a cabo el \u201cXVI Coloquio de Comunicaci\u00f3n Educativa\u201d.<\/p>\n","protected":false},"author":1,"featured_media":28113,"comment_status":"open","ping_status":"open","sticky":false,"template":"","format":"standard","meta":{"footnotes":""},"categories":[14,3],"tags":[],"class_list":["post-28112","post","type-post","status-publish","format-standard","has-post-thumbnail","hentry","category-destacadas","category-gobierno-del-estado-de-michoacan"],"_links":{"self":[{"href":"https:\/\/radiowebmx.com\/nota\/wp-json\/wp\/v2\/posts\/28112","targetHints":{"allow":["GET"]}}],"collection":[{"href":"https:\/\/radiowebmx.com\/nota\/wp-json\/wp\/v2\/posts"}],"about":[{"href":"https:\/\/radiowebmx.com\/nota\/wp-json\/wp\/v2\/types\/post"}],"author":[{"embeddable":true,"href":"https:\/\/radiowebmx.com\/nota\/wp-json\/wp\/v2\/users\/1"}],"replies":[{"embeddable":true,"href":"https:\/\/radiowebmx.com\/nota\/wp-json\/wp\/v2\/comments?post=28112"}],"version-history":[{"count":1,"href":"https:\/\/radiowebmx.com\/nota\/wp-json\/wp\/v2\/posts\/28112\/revisions"}],"predecessor-version":[{"id":28114,"href":"https:\/\/radiowebmx.com\/nota\/wp-json\/wp\/v2\/posts\/28112\/revisions\/28114"}],"wp:featuredmedia":[{"embeddable":true,"href":"https:\/\/radiowebmx.com\/nota\/wp-json\/wp\/v2\/media\/28113"}],"wp:attachment":[{"href":"https:\/\/radiowebmx.com\/nota\/wp-json\/wp\/v2\/media?parent=28112"}],"wp:term":[{"taxonomy":"category","embeddable":true,"href":"https:\/\/radiowebmx.com\/nota\/wp-json\/wp\/v2\/categories?post=28112"},{"taxonomy":"post_tag","embeddable":true,"href":"https:\/\/radiowebmx.com\/nota\/wp-json\/wp\/v2\/tags?post=28112"}],"curies":[{"name":"wp","href":"https:\/\/api.w.org\/{rel}","templated":true}]}}