{"id":2811,"date":"2013-06-04T13:29:48","date_gmt":"2013-06-04T18:29:48","guid":{"rendered":"https:\/\/radiowebmx.com\/nota\/?p=2811"},"modified":"2013-06-04T13:29:48","modified_gmt":"2013-06-04T18:29:48","slug":"concluye-cocotra-estudio-sobre-incremento-a-tarifa-del-transporte","status":"publish","type":"post","link":"https:\/\/radiowebmx.com\/nota\/concluye-cocotra-estudio-sobre-incremento-a-tarifa-del-transporte\/","title":{"rendered":"CONCLUYE COCOTRA ESTUDIO SOBRE INCREMENTO A TARIFA DEL TRANSPORTE"},"content":{"rendered":"<p>El gobierno del estado de Michoac\u00e1n a trav\u00e9s dela Comisi\u00f3n Coordinadoradel Transporte P\u00fablico, da a conocer que concluy\u00f3 el estudio t\u00e9cnico-econ\u00f3mico de la tarifa del transporte, que reconoce que de diciembre de2010 ala fecha, los insumos para la prestaci\u00f3n del servicio, se han incrementado hasta en un 30 por ciento, comenzando por el costo de las gasolinas.<\/p>\n<p>Esta situaci\u00f3n ha propiciado una considerable disminuci\u00f3n en la rentabilidad del transporte y por consecuencia, una merma en los ingresos de los transportistas, lo que tambi\u00e9n ha afectado a la calidad del servicio.<\/p>\n<p>Sin embargo, la petici\u00f3n de algunas organizaciones de transportistas de incrementar la tarifa a 8 pesos, fue considerada en el estudio como lesiva para los intereses de los usuarios, por lo que se busc\u00f3 un punto de equilibrio que permitiera resarcir a los transportistas con la menor afectaci\u00f3n para la poblaci\u00f3n que utiliza el servicio.<\/p>\n<p>Por esa raz\u00f3n, se lleg\u00f3 a la determinaci\u00f3n de autorizar una nueva tarifa de 7 pesos para colectivo urbano (combis), urbano y suburbano (camiones), aplicable para toda la entidad y que entrar\u00e1 en vigor a partir de este martes 04 de junio del a\u00f1o en curso, fecha en que ser\u00e1 publicado en el Peri\u00f3dico Oficial del estado el Decreto de autorizaci\u00f3n.<\/p>\n<p>Este decreto establece que se tendr\u00e1n tarifas preferenciales para grupos vulnerables como son pacientes con c\u00e1ncer, los adultos mayores y personas con discapacidad, quienes gozar\u00e1n de una tarifa especial.<\/p>\n<p>En el caso de las personas que padezcan c\u00e1ncer, estar\u00e1n exentas de pago siempre y cuando porten su acreditaci\u00f3n correspondiente emitida por el Centro Estatal de Atenci\u00f3n Oncol\u00f3gica dela Secretar\u00edade Salud del estado o el organismo p\u00fablico o privado quela SSMdesigne. Mientras que los adultos mayores y las personas con discapacidad, continuar\u00e1n pagando 6 pesos.<\/p>\n<p>El estudio evidenci\u00f3 las constantes alzas a los combustibles y el \u00edndice inflacionario que se ha venido acumulando, y que han estado repercutiendo de manera directa en el incremento de los costos de las refacciones y dem\u00e1s insumos necesarios que requieren los concesionarios para poder prestar el servicio, por lo que se consider\u00f3 necesario autorizar un incremento en el servicio de transporte p\u00fablico.<\/p>\n<p>Solamente desde diciembre de2010 ala fecha, la gasolina ha incrementado casi un 30 por ciento, lo que ha aumentado el gasto operacional de las unidades del transporte p\u00fablico.<\/p>\n<p>Asimismola COCOTRAreafirma su compromiso para lograr tener un transporte seguro y de calidad, por lo que continuar\u00e1 con los operativos de inspecci\u00f3n y vigilancia en las unidades de transporte p\u00fablico, para que \u00e9stas logren ponerse en regla y brindar las medidas de seguridad necesarias para ofrecer un servicio de calidad a los michoacanos.<\/p>\n<p>&nbsp;<\/p>\n<p>&nbsp;<\/p>\n","protected":false},"excerpt":{"rendered":"<p>El gobierno del estado de Michoac\u00e1n a trav\u00e9s dela Comisi\u00f3n Coordinadoradel Transporte P\u00fablico, da a conocer que concluy\u00f3 el estudio t\u00e9cnico-econ\u00f3mico de la tarifa del transporte, que reconoce que de diciembre de2010 ala fecha, los insumos para la prestaci\u00f3n del servicio, se han incrementado hasta en un 30 por ciento, comenzando por el costo de [&hellip;]<\/p>\n","protected":false},"author":1,"featured_media":0,"comment_status":"open","ping_status":"open","sticky":false,"template":"","format":"standard","meta":{"footnotes":""},"categories":[3],"tags":[],"class_list":["post-2811","post","type-post","status-publish","format-standard","hentry","category-gobierno-del-estado-de-michoacan"],"_links":{"self":[{"href":"https:\/\/radiowebmx.com\/nota\/wp-json\/wp\/v2\/posts\/2811","targetHints":{"allow":["GET"]}}],"collection":[{"href":"https:\/\/radiowebmx.com\/nota\/wp-json\/wp\/v2\/posts"}],"about":[{"href":"https:\/\/radiowebmx.com\/nota\/wp-json\/wp\/v2\/types\/post"}],"author":[{"embeddable":true,"href":"https:\/\/radiowebmx.com\/nota\/wp-json\/wp\/v2\/users\/1"}],"replies":[{"embeddable":true,"href":"https:\/\/radiowebmx.com\/nota\/wp-json\/wp\/v2\/comments?post=2811"}],"version-history":[{"count":2,"href":"https:\/\/radiowebmx.com\/nota\/wp-json\/wp\/v2\/posts\/2811\/revisions"}],"predecessor-version":[{"id":2813,"href":"https:\/\/radiowebmx.com\/nota\/wp-json\/wp\/v2\/posts\/2811\/revisions\/2813"}],"wp:attachment":[{"href":"https:\/\/radiowebmx.com\/nota\/wp-json\/wp\/v2\/media?parent=2811"}],"wp:term":[{"taxonomy":"category","embeddable":true,"href":"https:\/\/radiowebmx.com\/nota\/wp-json\/wp\/v2\/categories?post=2811"},{"taxonomy":"post_tag","embeddable":true,"href":"https:\/\/radiowebmx.com\/nota\/wp-json\/wp\/v2\/tags?post=2811"}],"curies":[{"name":"wp","href":"https:\/\/api.w.org\/{rel}","templated":true}]}}