{"id":28109,"date":"2016-11-24T13:36:56","date_gmt":"2016-11-24T19:36:56","guid":{"rendered":"https:\/\/radiowebmx.com\/nota\/?p=28109"},"modified":"2016-11-24T13:36:56","modified_gmt":"2016-11-24T19:36:56","slug":"alfonso-martinez-da-la-bienvenida-al-nuevo-director-de-gobierno-del-ayuntamiento-de-morelia","status":"publish","type":"post","link":"https:\/\/radiowebmx.com\/nota\/alfonso-martinez-da-la-bienvenida-al-nuevo-director-de-gobierno-del-ayuntamiento-de-morelia\/","title":{"rendered":"Alfonso Mart\u00ednez da la bienvenida al nuevo Director de Gobierno del Ayuntamiento de Morelia"},"content":{"rendered":"<p><img loading=\"lazy\" decoding=\"async\" src=\"https:\/\/radiowebmx.com\/nota\/wp-content\/uploads\/2016\/11\/f372f6ee-737d-4493-8bd0-fe3d8057f8a5.jpg\" alt=\"f372f6ee-737d-4493-8bd0-fe3d8057f8a5\" width=\"709\" height=\"472\" class=\"alignleft size-full wp-image-28110\" srcset=\"https:\/\/radiowebmx.com\/nota\/wp-content\/uploads\/2016\/11\/f372f6ee-737d-4493-8bd0-fe3d8057f8a5.jpg 709w, https:\/\/radiowebmx.com\/nota\/wp-content\/uploads\/2016\/11\/f372f6ee-737d-4493-8bd0-fe3d8057f8a5-300x200.jpg 300w\" sizes=\"auto, (max-width: 709px) 100vw, 709px\" \/><\/p>\n<p>Con el exhorto a conducirse con la responsabilidad, amabilidad y la vocaci\u00f3n de servicio de primer nivel que demanda su cargo, el Presidente Municipal, Alfonso Mart\u00ednez Alc\u00e1zar, recibi\u00f3 a Mart\u00edn Severo Reyna Cuevas, quien asumi\u00f3 la Direcci\u00f3n de Gobierno del Ayuntamiento de Morelia.<\/p>\n<p>Con la presencia de Jes\u00fas \u00c1valos Plata, Secretario del Ayuntamiento, Alfonso Mart\u00ednez coment\u00f3 al nuevo servidor p\u00fablico que su cargo es de suma importancia ya que representa la interacci\u00f3n directa con la poblaci\u00f3n y los diversos sectores sociales organizados, situaci\u00f3n por la cual le pidi\u00f3 manejarse con la mayor responsabilidad.<\/p>\n<p>Por su Parte, Mart\u00edn Severo Reyna, reconoci\u00f3 apremiante retomar los compromisos pendientes con los sectores sociales, para darles un seguimiento y pronta soluci\u00f3n.<\/p>\n<p>\u201cLa Direcci\u00f3n de Gobierno tiene una relaci\u00f3n permanente con la poblaci\u00f3n y adem\u00e1s debe tener coordinaci\u00f3n con las dem\u00e1s \u00e1reas del Gobierno Municipal, para as\u00ed estar en condiciones de atender de inmediato las demandas de la ciudadan\u00eda\u201d. Afirm\u00f3.<\/p>\n<p>Agreg\u00f3 que como \u00e1rea de vinculaci\u00f3n entre la poblaci\u00f3n y el Gobierno Municipal, habr\u00e1 un seguimiento continuo a las necesidades e inquietudes de los morelianos, siempre manteniendo la t\u00f3nica de un Gobierno Independiente y cercano a los capitalinos.<\/p>\n","protected":false},"excerpt":{"rendered":"<p>Con el exhorto a conducirse con la responsabilidad, amabilidad y la vocaci\u00f3n de servicio de primer nivel que demanda su cargo, el Presidente Municipal, Alfonso Mart\u00ednez Alc\u00e1zar, recibi\u00f3 a Mart\u00edn Severo Reyna Cuevas, quien asumi\u00f3 la Direcci\u00f3n de Gobierno del Ayuntamiento de Morelia.<\/p>\n","protected":false},"author":1,"featured_media":28110,"comment_status":"open","ping_status":"open","sticky":false,"template":"","format":"standard","meta":{"footnotes":""},"categories":[14,9],"tags":[],"class_list":["post-28109","post","type-post","status-publish","format-standard","has-post-thumbnail","hentry","category-destacadas","category-morelia"],"_links":{"self":[{"href":"https:\/\/radiowebmx.com\/nota\/wp-json\/wp\/v2\/posts\/28109","targetHints":{"allow":["GET"]}}],"collection":[{"href":"https:\/\/radiowebmx.com\/nota\/wp-json\/wp\/v2\/posts"}],"about":[{"href":"https:\/\/radiowebmx.com\/nota\/wp-json\/wp\/v2\/types\/post"}],"author":[{"embeddable":true,"href":"https:\/\/radiowebmx.com\/nota\/wp-json\/wp\/v2\/users\/1"}],"replies":[{"embeddable":true,"href":"https:\/\/radiowebmx.com\/nota\/wp-json\/wp\/v2\/comments?post=28109"}],"version-history":[{"count":1,"href":"https:\/\/radiowebmx.com\/nota\/wp-json\/wp\/v2\/posts\/28109\/revisions"}],"predecessor-version":[{"id":28111,"href":"https:\/\/radiowebmx.com\/nota\/wp-json\/wp\/v2\/posts\/28109\/revisions\/28111"}],"wp:featuredmedia":[{"embeddable":true,"href":"https:\/\/radiowebmx.com\/nota\/wp-json\/wp\/v2\/media\/28110"}],"wp:attachment":[{"href":"https:\/\/radiowebmx.com\/nota\/wp-json\/wp\/v2\/media?parent=28109"}],"wp:term":[{"taxonomy":"category","embeddable":true,"href":"https:\/\/radiowebmx.com\/nota\/wp-json\/wp\/v2\/categories?post=28109"},{"taxonomy":"post_tag","embeddable":true,"href":"https:\/\/radiowebmx.com\/nota\/wp-json\/wp\/v2\/tags?post=28109"}],"curies":[{"name":"wp","href":"https:\/\/api.w.org\/{rel}","templated":true}]}}