{"id":28090,"date":"2016-11-24T12:07:32","date_gmt":"2016-11-24T18:07:32","guid":{"rendered":"https:\/\/radiowebmx.com\/nota\/?p=28090"},"modified":"2016-11-24T12:07:32","modified_gmt":"2016-11-24T18:07:32","slug":"llama-juan-figueroa-a-construir-acuerdos-para-lograr-justicia-social-en-el-pais","status":"publish","type":"post","link":"https:\/\/radiowebmx.com\/nota\/llama-juan-figueroa-a-construir-acuerdos-para-lograr-justicia-social-en-el-pais\/","title":{"rendered":"Llama Juan Figueroa a construir acuerdos para lograr justicia social en el pa\u00eds"},"content":{"rendered":"<p><img loading=\"lazy\" decoding=\"async\" src=\"https:\/\/radiowebmx.com\/nota\/wp-content\/uploads\/2016\/11\/thumbnail_COMUNICADO-1537.jpg\" alt=\"thumbnail_comunicado-1537\" width=\"960\" height=\"639\" class=\"alignleft size-full wp-image-28091\" srcset=\"https:\/\/radiowebmx.com\/nota\/wp-content\/uploads\/2016\/11\/thumbnail_COMUNICADO-1537.jpg 960w, https:\/\/radiowebmx.com\/nota\/wp-content\/uploads\/2016\/11\/thumbnail_COMUNICADO-1537-300x200.jpg 300w, https:\/\/radiowebmx.com\/nota\/wp-content\/uploads\/2016\/11\/thumbnail_COMUNICADO-1537-768x511.jpg 768w\" sizes=\"auto, (max-width: 960px) 100vw, 960px\" \/><\/p>\n<p>A 106 a\u00f1os del inicio de la Revoluci\u00f3n Mexicana, el diputado Juan Figueroa G\u00f3mez, llam\u00f3 a construir acuerdos que contribuyan a la justicia social de las y los mexicanos, y a honrar a los caudillos trabajando para lograr el progreso y desarrollo del pa\u00eds, as\u00ed como para combatir las injusticias de las que son v\u00edctima el pueblo mexicano.<\/p>\n<p>Al hacer uso de la tribuna a nombre del Grupo Parlamentario del PRD para fijar postura con relaci\u00f3n al aniversario de la Revoluci\u00f3n Mexicana, el Diputado local por el Distrito de Huetamo, se\u00f1al\u00f3 que este movimiento social no puede entenderse s\u00f3lo como una convergencia de distintas acciones ideol\u00f3gicas del pasado, fue tambi\u00e9n un reclamo de parte del pueblo por la b\u00fasqueda de la justicia social y para darle fin de la represi\u00f3n pol\u00edtica que finalmente se gest\u00f3 a trav\u00e9s de la lucha armada.<\/p>\n<p>\u201cSin embargo, muchos desconocen por completo nuestra historia, y no me refiero s\u00f3lo a lo que suced\u00eda hace 106 a\u00f1os, sino a lo que ha sucedido a lo largo de todo este tiempo, sobre todo en la segunda mitad del siglo XX y lo poco que llevamos del XXI\u201d.<\/p>\n<p>Actualmente, los logros que se consiguieron con la Revoluci\u00f3n Mexicana, se est\u00e1n perdiendo, o m\u00e1s bien, nos los est\u00e1n robando impune y desvergonzadamente. La consigna \u201cTierra y Libertad\u201d, proclamada por Ricardo Flores Mag\u00f3n y retomada por Emiliano Zapata parecen ser s\u00f3lo eso, una bella consigna que ha quedado absorbida por el discurso oficialista.<\/p>\n<p>Juan Figueroa resalt\u00f3 que durante la mayor parte de su historia, M\u00e9xico ha sido dominado por una peque\u00f1a \u00e9lite que mantiene en sus manos la riqueza del pa\u00eds, mientras que la mayor\u00eda de la poblaci\u00f3n ha vivido en condiciones de pobreza. Bajo el gobierno del General Porfirio D\u00edaz, la brecha entre ricos y pobres se convirti\u00f3 en un abismo infranqueable.<\/p>\n<p>\u201cAl d\u00eda de hoy, la tierra y la libertad han vuelto a ser parte de la propiedad privada de quienes tienen el poder pol\u00edtico, y sobre todo, econ\u00f3mico. Todo esto a causa del podrido modelo neoliberal, que promueve una apestosa y desleal competencia, lo cual no permite al campesino sacar adelante una cosecha capaz de competir contra productos extranjeros que traen las multinacionales\u201d.<\/p>\n<p>En ese sentido, el diputado local subray\u00f3 que tras recuperar algunos elementos de la historia de la Revoluci\u00f3n Mexicana, la bancada del PRD busca despertar conciencias sobre los horizontes de posibilidades de la izquierda frente a la plataforma ideol\u00f3gica que supone al neoliberalismo como el \u2018\u2019fin de la historia\u2019\u2019. <\/p>\n<p>\u201cAcciones como las represiones en Aguas Blancas, Acteal y Nochixtlan, entre otras, muestran  total intolerancia a los movimientos que nos han llevado a tener muchos de los derechos sociales de los que hoy todos gozamos, como lo son el derecho a la educaci\u00f3n p\u00fablica y gratuita, los derechos sociales, el derecho a la salud y a la seguridad social, entre otros\u201d. <\/p>\n<p>Este aniversario, consider\u00f3 debe ser espacio para construir una serie de reflexiones sobre la lucha social frente a los problemas de la sociedad no s\u00f3lo del pasado, si no del presente y el futuro, pues en la pr\u00e1ctica la lucha encabezada por Zapata, Villa y los hermanos Mag\u00f3n aun seguir\u00e1 tratando de consolidarse hasta terminar con las actuales injusticias de las que es v\u00edctima el pueblo mexicano en este momento.<\/p>\n","protected":false},"excerpt":{"rendered":"<p>A 106 a\u00f1os del inicio de la Revoluci\u00f3n Mexicana, el diputado Juan Figueroa G\u00f3mez, llam\u00f3 a construir acuerdos que contribuyan a la justicia social de las y los mexicanos, y a honrar a los caudillos trabajando para lograr el progreso y desarrollo del pa\u00eds, as\u00ed como para combatir las injusticias de las que son v\u00edctima el pueblo mexicano.<\/p>\n","protected":false},"author":1,"featured_media":28091,"comment_status":"open","ping_status":"open","sticky":false,"template":"","format":"standard","meta":{"footnotes":""},"categories":[6,14,19],"tags":[],"class_list":["post-28090","post","type-post","status-publish","format-standard","has-post-thumbnail","hentry","category-congreso-del-estado","category-destacadas","category-grupo-parlamentario-del-prd"],"_links":{"self":[{"href":"https:\/\/radiowebmx.com\/nota\/wp-json\/wp\/v2\/posts\/28090","targetHints":{"allow":["GET"]}}],"collection":[{"href":"https:\/\/radiowebmx.com\/nota\/wp-json\/wp\/v2\/posts"}],"about":[{"href":"https:\/\/radiowebmx.com\/nota\/wp-json\/wp\/v2\/types\/post"}],"author":[{"embeddable":true,"href":"https:\/\/radiowebmx.com\/nota\/wp-json\/wp\/v2\/users\/1"}],"replies":[{"embeddable":true,"href":"https:\/\/radiowebmx.com\/nota\/wp-json\/wp\/v2\/comments?post=28090"}],"version-history":[{"count":1,"href":"https:\/\/radiowebmx.com\/nota\/wp-json\/wp\/v2\/posts\/28090\/revisions"}],"predecessor-version":[{"id":28092,"href":"https:\/\/radiowebmx.com\/nota\/wp-json\/wp\/v2\/posts\/28090\/revisions\/28092"}],"wp:featuredmedia":[{"embeddable":true,"href":"https:\/\/radiowebmx.com\/nota\/wp-json\/wp\/v2\/media\/28091"}],"wp:attachment":[{"href":"https:\/\/radiowebmx.com\/nota\/wp-json\/wp\/v2\/media?parent=28090"}],"wp:term":[{"taxonomy":"category","embeddable":true,"href":"https:\/\/radiowebmx.com\/nota\/wp-json\/wp\/v2\/categories?post=28090"},{"taxonomy":"post_tag","embeddable":true,"href":"https:\/\/radiowebmx.com\/nota\/wp-json\/wp\/v2\/tags?post=28090"}],"curies":[{"name":"wp","href":"https:\/\/api.w.org\/{rel}","templated":true}]}}