{"id":28076,"date":"2016-11-24T11:02:27","date_gmt":"2016-11-24T17:02:27","guid":{"rendered":"https:\/\/radiowebmx.com\/nota\/?p=28076"},"modified":"2016-11-24T11:02:27","modified_gmt":"2016-11-24T17:02:27","slug":"exponen-estrategia-de-policia-municipal-de-morelia-en-conferencia-nacional-de-seguridad-publica","status":"publish","type":"post","link":"https:\/\/radiowebmx.com\/nota\/exponen-estrategia-de-policia-municipal-de-morelia-en-conferencia-nacional-de-seguridad-publica\/","title":{"rendered":"Exponen estrategia de Polic\u00eda Municipal de Morelia en Conferencia Nacional de Seguridad P\u00fablica"},"content":{"rendered":"<p><img loading=\"lazy\" decoding=\"async\" src=\"https:\/\/radiowebmx.com\/nota\/wp-content\/uploads\/2016\/11\/0e1f0e78-682f-43f4-a230-59bdbf0506e9.jpg\" alt=\"0e1f0e78-682f-43f4-a230-59bdbf0506e9\" width=\"709\" height=\"398\" class=\"alignleft size-full wp-image-28077\" srcset=\"https:\/\/radiowebmx.com\/nota\/wp-content\/uploads\/2016\/11\/0e1f0e78-682f-43f4-a230-59bdbf0506e9.jpg 709w, https:\/\/radiowebmx.com\/nota\/wp-content\/uploads\/2016\/11\/0e1f0e78-682f-43f4-a230-59bdbf0506e9-300x168.jpg 300w, https:\/\/radiowebmx.com\/nota\/wp-content\/uploads\/2016\/11\/0e1f0e78-682f-43f4-a230-59bdbf0506e9-284x158.jpg 284w, https:\/\/radiowebmx.com\/nota\/wp-content\/uploads\/2016\/11\/0e1f0e78-682f-43f4-a230-59bdbf0506e9-128x72.jpg 128w\" sizes=\"auto, (max-width: 709px) 100vw, 709px\" \/><\/p>\n<p>Morelia, a trav\u00e9s de la Comisi\u00f3n Municipal de Seguridad, encabezada por Bernardo Le\u00f3n Olea, particip\u00f3 en la Sesi\u00f3n Ordinaria de la Conferencia Nacional de Seguridad P\u00fablica Municipal, que se llev\u00f3 a cabo en la ciudad de Monterrey, Nuevo Le\u00f3n, y en la cual se realiz\u00f3 un trabajo de an\u00e1lisis y retroalimentaci\u00f3n de las pol\u00edticas p\u00fablicas, proyectos y acciones en materia de seguridad p\u00fablica local.<\/p>\n<p>En este encuentro presidido por el Alcalde de Monterrey, Adri\u00e1n Emilio de la Garza Santos; el Secretario Ejecutivo del Sistema Nacional de Seguridad P\u00fablica, \u00c1lvaro Vizca\u00edno Zamora; y la titular de la Unidad de Desarrollo e Integraci\u00f3n Institucional de la Comisi\u00f3n Nacional de Seguridad, Mireya Barbosa Betancourt, que acudi\u00f3 en representaci\u00f3n del Comisionado Nacional de Seguridad, Renato Sales Heredia, fueron dos los temas que sobresalieron: la implementaci\u00f3n del modelo Polic\u00eda de Proximidad y la Justicia C\u00edvica.<\/p>\n<p>Durante la discusi\u00f3n, diversos actores destacaron el trabajo que se realiza en Morelia al vincular la Polic\u00eda de Proximidad con la Justicia C\u00edvica municipal, a fin de generar orden y cultura de la legalidad, contribuyendo as\u00ed a la seguridad p\u00fablica del municipio.<\/p>\n<p>En una breve intervenci\u00f3n, el Comisionado Municipal de Seguridad, Bernardo Le\u00f3n, detall\u00f3 que a partir de este a\u00f1o, el Juez C\u00edvico ya resuelve de manera institucional los asuntos relacionados con faltas administrativas en audiencias orales y p\u00fablicas, en base al Reglamento de Orden y Justicia C\u00edvico, esto, en el \u00e1nimo de fortalecer la legalidad y el respeto a la ley en el municipio.<\/p>\n<p>Record\u00f3 que Morelia y el municipio de Escobedo, Nuevo Le\u00f3n, se encuentran en proceso de implementaci\u00f3n de un modelo piloto en materia de Polic\u00eda de Proximidad, con el apoyo directo del gobierno Federal, organizaciones de la sociedad civil y del Gobierno de Reino Unido.<\/p>\n<p>Bernardo Le\u00f3n, coment\u00f3 tambi\u00e9n que Morelia es la primera ciudad en firmar un Memorando de Entendimiento con la Agencia de Estados Unidos para el Desarrollo Internacional (USAID), el cual permitir\u00e1 implementar medidas especiales en materia de prevenci\u00f3n del delito.<\/p>\n<p>Asimismo representantes del Grupo de Trabajo para el Fortalecimiento de la Confianza en las Instituciones Encargadas de Seguridad P\u00fablica expusieron los antecedentes del Modelo de Polic\u00eda de Proximidad, mientras que la participaci\u00f3n del municipio de Morelia plante\u00f3 las experiencias y retos en la implementaci\u00f3n de este modelo.<\/p>\n<p>Bajo este contexto, Bernardo Le\u00f3n subray\u00f3 la reciente visita de Andrew Bates, Consultor Internacional de Seguridad y Ex Director de la Polic\u00eda Escocesa, a la capital michoacana, en donde revisaron algunos puntos espec\u00edficos de este proyecto y se dej\u00f3 sobre la mesa la importancia de la articulaci\u00f3n de las corporaciones policiales con la sociedad, a fin de fortalecer la corresponsabilidad en los temas de seguridad p\u00fablica.<\/p>\n","protected":false},"excerpt":{"rendered":"<p>Morelia, a trav\u00e9s de la Comisi\u00f3n Municipal de Seguridad, encabezada por Bernardo Le\u00f3n Olea, particip\u00f3 en la Sesi\u00f3n Ordinaria de la Conferencia Nacional de Seguridad P\u00fablica Municipal, que se llev\u00f3 a cabo en la ciudad de Monterrey, Nuevo Le\u00f3n, y en la cual se realiz\u00f3 un trabajo de an\u00e1lisis y retroalimentaci\u00f3n de las pol\u00edticas p\u00fablicas<\/p>\n","protected":false},"author":1,"featured_media":28077,"comment_status":"open","ping_status":"open","sticky":false,"template":"","format":"standard","meta":{"footnotes":""},"categories":[14,9],"tags":[],"class_list":["post-28076","post","type-post","status-publish","format-standard","has-post-thumbnail","hentry","category-destacadas","category-morelia"],"_links":{"self":[{"href":"https:\/\/radiowebmx.com\/nota\/wp-json\/wp\/v2\/posts\/28076","targetHints":{"allow":["GET"]}}],"collection":[{"href":"https:\/\/radiowebmx.com\/nota\/wp-json\/wp\/v2\/posts"}],"about":[{"href":"https:\/\/radiowebmx.com\/nota\/wp-json\/wp\/v2\/types\/post"}],"author":[{"embeddable":true,"href":"https:\/\/radiowebmx.com\/nota\/wp-json\/wp\/v2\/users\/1"}],"replies":[{"embeddable":true,"href":"https:\/\/radiowebmx.com\/nota\/wp-json\/wp\/v2\/comments?post=28076"}],"version-history":[{"count":1,"href":"https:\/\/radiowebmx.com\/nota\/wp-json\/wp\/v2\/posts\/28076\/revisions"}],"predecessor-version":[{"id":28078,"href":"https:\/\/radiowebmx.com\/nota\/wp-json\/wp\/v2\/posts\/28076\/revisions\/28078"}],"wp:featuredmedia":[{"embeddable":true,"href":"https:\/\/radiowebmx.com\/nota\/wp-json\/wp\/v2\/media\/28077"}],"wp:attachment":[{"href":"https:\/\/radiowebmx.com\/nota\/wp-json\/wp\/v2\/media?parent=28076"}],"wp:term":[{"taxonomy":"category","embeddable":true,"href":"https:\/\/radiowebmx.com\/nota\/wp-json\/wp\/v2\/categories?post=28076"},{"taxonomy":"post_tag","embeddable":true,"href":"https:\/\/radiowebmx.com\/nota\/wp-json\/wp\/v2\/tags?post=28076"}],"curies":[{"name":"wp","href":"https:\/\/api.w.org\/{rel}","templated":true}]}}