{"id":28073,"date":"2016-11-24T10:57:47","date_gmt":"2016-11-24T16:57:47","guid":{"rendered":"https:\/\/radiowebmx.com\/nota\/?p=28073"},"modified":"2016-11-24T10:57:47","modified_gmt":"2016-11-24T16:57:47","slug":"univim-primera-institucion-de-educacion-superior-publica-en-yurecuaro","status":"publish","type":"post","link":"https:\/\/radiowebmx.com\/nota\/univim-primera-institucion-de-educacion-superior-publica-en-yurecuaro\/","title":{"rendered":"Univim, primera instituci\u00f3n de educaci\u00f3n superior p\u00fablica en Yur\u00e9cuaro"},"content":{"rendered":"<p><img loading=\"lazy\" decoding=\"async\" src=\"https:\/\/radiowebmx.com\/nota\/wp-content\/uploads\/2016\/11\/38fb4281-f7f7-455e-b20d-d1918ce0b58e.jpg\" alt=\"38fb4281-f7f7-455e-b20d-d1918ce0b58e\" width=\"709\" height=\"472\" class=\"alignleft size-full wp-image-28074\" srcset=\"https:\/\/radiowebmx.com\/nota\/wp-content\/uploads\/2016\/11\/38fb4281-f7f7-455e-b20d-d1918ce0b58e.jpg 709w, https:\/\/radiowebmx.com\/nota\/wp-content\/uploads\/2016\/11\/38fb4281-f7f7-455e-b20d-d1918ce0b58e-300x200.jpg 300w\" sizes=\"auto, (max-width: 709px) 100vw, 709px\" \/><\/p>\n<p>Yur\u00e9cuaro, Michoac\u00e1n, a 23 de noviembre de 2016.- La Universidad Virtual del Estado de Michoac\u00e1n (Univim) y autoridades de Yur\u00e9cuaro inauguraron la Unidad Virtual de Extensi\u00f3n Universitaria (UVEU) en dicho municipio.<\/p>\n<p>En su intervenci\u00f3n, la rectora de la Univim, Silvia Mendoza Valenzuela, argument\u00f3 que esta casa de estudios es pertinente y cumplir\u00e1 con las expectativas de quienes no han concluido su licenciatura o que trabajan y desean profesionalizarse para mejorar sus condiciones laborales y calidad de vida.<\/p>\n<p>Resalt\u00f3 que la Univim tiene el compromiso de acercar la educaci\u00f3n superior a las todas las regiones, en atenci\u00f3n a la instrucci\u00f3n del Gobernador Silvano Aureoles Conejo de generar acciones en materia educativa en beneficio de las y los michoacanos.<\/p>\n<p>Por su parte, Oscar Miranda Ram\u00edrez secretario del Ayuntamiento, en representaci\u00f3n del presidente municipal, Marco Antonio Gonz\u00e1lez Jim\u00e9nez, habl\u00f3 sobre la importancia de la UVEU en su municipio, ya que es la primera vez que se contar\u00e1 con una universidad p\u00fablica y ser\u00e1 una gran oportunidad de seguir prepar\u00e1ndose para las personas que por diferentes razones dejaron truncos sus estudios.<\/p>\n<p>\u201cComo autoridades municipales tenemos el compromiso de que la Unidad Virtual tenga gran afluencia de alumnos para elevar el nivel cultural y ampliar las oportunidades de trabajo ya que eso permitir\u00e1 el desarrollo del municipio\u201d, afirm\u00f3.<\/p>\n<p>Marta \u00c1valos Medina, jefa del Departamento de Educaci\u00f3n Superior de la Secretar\u00eda de Educaci\u00f3n del Estado (SEE), felicit\u00f3 a las autoridades municipales por abrirle la puerta a una instituci\u00f3n de calidad como la Univim.<\/p>\n<p>La UVEU est\u00e1 ubicada en Eustacio Zepeda esquina con Francisco Villa S\/N, en las instalaciones de la Casa de la Cultura \u201cIOREKUARHU\u201d.<\/p>\n","protected":false},"excerpt":{"rendered":"<p>La Universidad Virtual del Estado de Michoac\u00e1n (Univim) y autoridades de Yur\u00e9cuaro inauguraron la Unidad Virtual de Extensi\u00f3n Universitaria (UVEU) en dicho municipio.<\/p>\n","protected":false},"author":1,"featured_media":28074,"comment_status":"open","ping_status":"open","sticky":false,"template":"","format":"standard","meta":{"footnotes":""},"categories":[14,3],"tags":[],"class_list":["post-28073","post","type-post","status-publish","format-standard","has-post-thumbnail","hentry","category-destacadas","category-gobierno-del-estado-de-michoacan"],"_links":{"self":[{"href":"https:\/\/radiowebmx.com\/nota\/wp-json\/wp\/v2\/posts\/28073","targetHints":{"allow":["GET"]}}],"collection":[{"href":"https:\/\/radiowebmx.com\/nota\/wp-json\/wp\/v2\/posts"}],"about":[{"href":"https:\/\/radiowebmx.com\/nota\/wp-json\/wp\/v2\/types\/post"}],"author":[{"embeddable":true,"href":"https:\/\/radiowebmx.com\/nota\/wp-json\/wp\/v2\/users\/1"}],"replies":[{"embeddable":true,"href":"https:\/\/radiowebmx.com\/nota\/wp-json\/wp\/v2\/comments?post=28073"}],"version-history":[{"count":1,"href":"https:\/\/radiowebmx.com\/nota\/wp-json\/wp\/v2\/posts\/28073\/revisions"}],"predecessor-version":[{"id":28075,"href":"https:\/\/radiowebmx.com\/nota\/wp-json\/wp\/v2\/posts\/28073\/revisions\/28075"}],"wp:featuredmedia":[{"embeddable":true,"href":"https:\/\/radiowebmx.com\/nota\/wp-json\/wp\/v2\/media\/28074"}],"wp:attachment":[{"href":"https:\/\/radiowebmx.com\/nota\/wp-json\/wp\/v2\/media?parent=28073"}],"wp:term":[{"taxonomy":"category","embeddable":true,"href":"https:\/\/radiowebmx.com\/nota\/wp-json\/wp\/v2\/categories?post=28073"},{"taxonomy":"post_tag","embeddable":true,"href":"https:\/\/radiowebmx.com\/nota\/wp-json\/wp\/v2\/tags?post=28073"}],"curies":[{"name":"wp","href":"https:\/\/api.w.org\/{rel}","templated":true}]}}