{"id":28070,"date":"2016-11-24T10:53:50","date_gmt":"2016-11-24T16:53:50","guid":{"rendered":"https:\/\/radiowebmx.com\/nota\/?p=28070"},"modified":"2016-11-24T10:53:50","modified_gmt":"2016-11-24T16:53:50","slug":"identidad-de-morelianos-y-michoacanos-se-proyectara-a-traves-de-exposicion-luces-y-sombras","status":"publish","type":"post","link":"https:\/\/radiowebmx.com\/nota\/identidad-de-morelianos-y-michoacanos-se-proyectara-a-traves-de-exposicion-luces-y-sombras\/","title":{"rendered":"Identidad de morelianos y michoacanos, se proyectar\u00e1 a trav\u00e9s de Exposici\u00f3n Luces y Sombras"},"content":{"rendered":"<p><img loading=\"lazy\" decoding=\"async\" src=\"https:\/\/radiowebmx.com\/nota\/wp-content\/uploads\/2016\/11\/3ccfee85-d592-431a-9d09-266b87e85cbd.jpg\" alt=\"3ccfee85-d592-431a-9d09-266b87e85cbd\" width=\"709\" height=\"472\" class=\"alignleft size-full wp-image-28071\" srcset=\"https:\/\/radiowebmx.com\/nota\/wp-content\/uploads\/2016\/11\/3ccfee85-d592-431a-9d09-266b87e85cbd.jpg 709w, https:\/\/radiowebmx.com\/nota\/wp-content\/uploads\/2016\/11\/3ccfee85-d592-431a-9d09-266b87e85cbd-300x200.jpg 300w\" sizes=\"auto, (max-width: 709px) 100vw, 709px\" \/><\/p>\n<p>La identidad de los morelianos y michoacanos, la belleza arquitect\u00f3nica de la ciudad y el estado, as\u00ed como las tradiciones locales, ser\u00e1n reflejadas en la Exposici\u00f3n Fotogr\u00e1fica gratuita \u201cLuces y Sombras de Michoac\u00e1n\u201d, que estar\u00e1 del 24 de noviembre al 23 de diciembre en el Colegio de Morelia, y la cual constituye la primera acci\u00f3n materializada de la Agenda Com\u00fan entre el Ayuntamiento capitalino y el Consejo Ciudadano.<\/p>\n<p>Lo anterior, lo anunci\u00f3 en rueda de prensa el Secretario T\u00e9cnico de este organismo de opini\u00f3n y consulta, Erick Avil\u00e9s Mart\u00ednez, ante la presencia del Director de Productos y Servicios Tur\u00edsticos, Ra\u00fal Oma\u00f1a Lelo de Larrea, as\u00ed como del Coordinador y la Secretaria de la Comisi\u00f3n de Turismo y Cultura del Consejo, Francisco Napole\u00f3n L\u00f3pez Pati\u00f1o y Mar\u00eda Guadalupe Reyes Garc\u00eda, respectivamente.<\/p>\n<p>\u201cEsta es la primera actividad que se concreta de las 40 que comprenden la Agenda Com\u00fan, en lo que compete a la Comisi\u00f3n de Turismo y Cultura, a trav\u00e9s de la que se busca mostrar la identidad de Michoac\u00e1n, darnos cuenta de claroscuros que a\u00fan persisten en este Siglo XXI y salir con una visi\u00f3n m\u00e1s enriquecida de lo que es nuestra entidad, permiti\u00e9ndonos reflexionar de lo est\u00e9tico a lo vivencial\u201d, detall\u00f3.<\/p>\n<p>Tras destacar la coordinaci\u00f3n entre la sociedad civil, Consejo Ciudadano y Gobierno Municipal para realizar esta Exposici\u00f3n, Avil\u00e9s Mart\u00ednez, asegur\u00f3 que el organismo que preside continuar\u00e1 fungiendo como puente con la ciudadan\u00eda, al tiempo que invit\u00f3 a la poblaci\u00f3n a acudir a esta muestra fotogr\u00e1fica que se encontrar\u00e1 en el Colegio de Morelia.<\/p>\n<p>Al hacer uso de la voz, la Secretaria de la Comisi\u00f3n de Turismo y Cultura de dicho organismo, Mar\u00eda Guadalupe Reyes, puntualiz\u00f3 que la Exposici\u00f3n \u201cLuces y Sobras de Michoac\u00e1n\u201d, es el resultado del trabajo de m\u00e1s de un a\u00f1o del colectivo que lleva este mismo nombre, el cual est\u00e1 conformado por 10 personas y es coordinado por Ra\u00fal Aguilar Sobaja.<\/p>\n<p>\u201cA trav\u00e9s de las 85 fotograf\u00edas encontraremos las tradiciones y la arquitectura del estado y nos ayudar\u00e1 a reforzar nuestra identidad como morelianos y michoacanos, por ello esperamos que sean muchos los ciudadanos que tengan la oportunidad de ir a verla\u201d, indic\u00f3.<\/p>\n<p>Cabe destacar, que la exhibici\u00f3n estar\u00e1 del 24 del mes en curso al 23 de diciembre en el Colegio de Morelia, ubicado al norte de la ciudad, y en la cual se podr\u00e1n encontrar adem\u00e1s algunos paisajes ic\u00f3nicos de Michoac\u00e1n, as\u00ed como sitios emblem\u00e1ticos de la capital del estado y otros municipios.<\/p>\n","protected":false},"excerpt":{"rendered":"<p>La identidad de los morelianos y michoacanos, la belleza arquitect\u00f3nica de la ciudad y el estado, as\u00ed como las tradiciones locales, ser\u00e1n reflejadas en la Exposici\u00f3n Fotogr\u00e1fica gratuita \u201cLuces y Sombras de Michoac\u00e1n\u201d, que estar\u00e1 del 24 de noviembre al 23 de diciembre en el Colegio de Morelia,<\/p>\n","protected":false},"author":1,"featured_media":28071,"comment_status":"open","ping_status":"open","sticky":false,"template":"","format":"standard","meta":{"footnotes":""},"categories":[14],"tags":[],"class_list":["post-28070","post","type-post","status-publish","format-standard","has-post-thumbnail","hentry","category-destacadas"],"_links":{"self":[{"href":"https:\/\/radiowebmx.com\/nota\/wp-json\/wp\/v2\/posts\/28070","targetHints":{"allow":["GET"]}}],"collection":[{"href":"https:\/\/radiowebmx.com\/nota\/wp-json\/wp\/v2\/posts"}],"about":[{"href":"https:\/\/radiowebmx.com\/nota\/wp-json\/wp\/v2\/types\/post"}],"author":[{"embeddable":true,"href":"https:\/\/radiowebmx.com\/nota\/wp-json\/wp\/v2\/users\/1"}],"replies":[{"embeddable":true,"href":"https:\/\/radiowebmx.com\/nota\/wp-json\/wp\/v2\/comments?post=28070"}],"version-history":[{"count":1,"href":"https:\/\/radiowebmx.com\/nota\/wp-json\/wp\/v2\/posts\/28070\/revisions"}],"predecessor-version":[{"id":28072,"href":"https:\/\/radiowebmx.com\/nota\/wp-json\/wp\/v2\/posts\/28070\/revisions\/28072"}],"wp:featuredmedia":[{"embeddable":true,"href":"https:\/\/radiowebmx.com\/nota\/wp-json\/wp\/v2\/media\/28071"}],"wp:attachment":[{"href":"https:\/\/radiowebmx.com\/nota\/wp-json\/wp\/v2\/media?parent=28070"}],"wp:term":[{"taxonomy":"category","embeddable":true,"href":"https:\/\/radiowebmx.com\/nota\/wp-json\/wp\/v2\/categories?post=28070"},{"taxonomy":"post_tag","embeddable":true,"href":"https:\/\/radiowebmx.com\/nota\/wp-json\/wp\/v2\/tags?post=28070"}],"curies":[{"name":"wp","href":"https:\/\/api.w.org\/{rel}","templated":true}]}}