{"id":28066,"date":"2016-11-24T10:50:16","date_gmt":"2016-11-24T16:50:16","guid":{"rendered":"https:\/\/radiowebmx.com\/nota\/?p=28066"},"modified":"2016-11-24T10:50:16","modified_gmt":"2016-11-24T16:50:16","slug":"compesca-dona-80-mil-crias-de-tilapia-a-la-presa-la-villita","status":"publish","type":"post","link":"https:\/\/radiowebmx.com\/nota\/compesca-dona-80-mil-crias-de-tilapia-a-la-presa-la-villita\/","title":{"rendered":"Compesca dona 80 mil cr\u00edas de tilapia a la presa La Villita"},"content":{"rendered":"<p><img loading=\"lazy\" decoding=\"async\" src=\"https:\/\/radiowebmx.com\/nota\/wp-content\/uploads\/2016\/11\/3787ed3b-96bb-4e28-a3a0-839df439923d.jpg\" alt=\"3787ed3b-96bb-4e28-a3a0-839df439923d\" width=\"709\" height=\"1181\" class=\"alignleft size-full wp-image-28067\" srcset=\"https:\/\/radiowebmx.com\/nota\/wp-content\/uploads\/2016\/11\/3787ed3b-96bb-4e28-a3a0-839df439923d.jpg 709w, https:\/\/radiowebmx.com\/nota\/wp-content\/uploads\/2016\/11\/3787ed3b-96bb-4e28-a3a0-839df439923d-180x300.jpg 180w, https:\/\/radiowebmx.com\/nota\/wp-content\/uploads\/2016\/11\/3787ed3b-96bb-4e28-a3a0-839df439923d-615x1024.jpg 615w\" sizes=\"auto, (max-width: 709px) 100vw, 709px\" \/><\/p>\n<p><img loading=\"lazy\" decoding=\"async\" src=\"https:\/\/radiowebmx.com\/nota\/wp-content\/uploads\/2016\/11\/4a9c224b-56e9-48d3-aa7e-f1bb0bef0be0.jpg\" alt=\"4a9c224b-56e9-48d3-aa7e-f1bb0bef0be0\" width=\"709\" height=\"1181\" class=\"alignleft size-full wp-image-28068\" srcset=\"https:\/\/radiowebmx.com\/nota\/wp-content\/uploads\/2016\/11\/4a9c224b-56e9-48d3-aa7e-f1bb0bef0be0.jpg 709w, https:\/\/radiowebmx.com\/nota\/wp-content\/uploads\/2016\/11\/4a9c224b-56e9-48d3-aa7e-f1bb0bef0be0-180x300.jpg 180w, https:\/\/radiowebmx.com\/nota\/wp-content\/uploads\/2016\/11\/4a9c224b-56e9-48d3-aa7e-f1bb0bef0be0-615x1024.jpg 615w\" sizes=\"auto, (max-width: 709px) 100vw, 709px\" \/><\/p>\n<p>L\u00e1zaro C\u00e1rdenas, Michoac\u00e1n, a 23 de noviembre de 2016.- En el marco del D\u00eda del Pescador y en cumplimiento al compromiso con los pescadores de este municipio, la Comisi\u00f3n de Pesca del Estado de Michoac\u00e1n (Compesca), que encabeza Larisa M\u00e9ndez B\u00e9jar, don\u00f3 80 mil cr\u00edas de tilapia a las seis cooperativas de la presa La Villita.<\/p>\n<p>Esta acci\u00f3n se realiz\u00f3 en coordinaci\u00f3n con el Ayuntamiento de L\u00e1zaro C\u00e1rdenas y con el apoyo de los m\u00e1s de 200 pescadores que integran las cooperativas de este embalse.<\/p>\n<p>Al respecto, M\u00e9ndez B\u00e9jar resalt\u00f3 la importancia de implementar acciones coordinadas para potenciar los recursos y generar mayor impacto en beneficio del desarrollo del sector.<\/p>\n<p>Por su parte, el delegado de la Compesca en la regi\u00f3n Sierra Costa, Jos\u00e9 Luis Portillo S\u00e1nchez, detall\u00f3 que las 80 mil cr\u00edas que fueron sembradas a cinco kil\u00f3metros adentro de la cortina de la presa se reproducir\u00e1n en alrededor de seis meses.<\/p>\n<p>\u201cEl objetivo de esta acci\u00f3n es procurar que las familias de Michoac\u00e1n cuenten con alimento sano y accesible, y para ello el Gobernador Silvano Aureoles Conejo est\u00e1 comprometido con los pescadores para potencializar el sector pesquero y acu\u00edcola del estado\u201d, destac\u00f3 la titular de la Compesca.<\/p>\n","protected":false},"excerpt":{"rendered":"<p>En el marco del D\u00eda del Pescador y en cumplimiento al compromiso con los pescadores de este municipio, la Comisi\u00f3n de Pesca del Estado de Michoac\u00e1n (Compesca), que encabeza Larisa M\u00e9ndez B\u00e9jar, don\u00f3 80 mil cr\u00edas de tilapia a las seis cooperativas de la presa La Villita.<\/p>\n","protected":false},"author":1,"featured_media":0,"comment_status":"open","ping_status":"open","sticky":false,"template":"","format":"standard","meta":{"footnotes":""},"categories":[3],"tags":[],"class_list":["post-28066","post","type-post","status-publish","format-standard","hentry","category-gobierno-del-estado-de-michoacan"],"_links":{"self":[{"href":"https:\/\/radiowebmx.com\/nota\/wp-json\/wp\/v2\/posts\/28066","targetHints":{"allow":["GET"]}}],"collection":[{"href":"https:\/\/radiowebmx.com\/nota\/wp-json\/wp\/v2\/posts"}],"about":[{"href":"https:\/\/radiowebmx.com\/nota\/wp-json\/wp\/v2\/types\/post"}],"author":[{"embeddable":true,"href":"https:\/\/radiowebmx.com\/nota\/wp-json\/wp\/v2\/users\/1"}],"replies":[{"embeddable":true,"href":"https:\/\/radiowebmx.com\/nota\/wp-json\/wp\/v2\/comments?post=28066"}],"version-history":[{"count":1,"href":"https:\/\/radiowebmx.com\/nota\/wp-json\/wp\/v2\/posts\/28066\/revisions"}],"predecessor-version":[{"id":28069,"href":"https:\/\/radiowebmx.com\/nota\/wp-json\/wp\/v2\/posts\/28066\/revisions\/28069"}],"wp:attachment":[{"href":"https:\/\/radiowebmx.com\/nota\/wp-json\/wp\/v2\/media?parent=28066"}],"wp:term":[{"taxonomy":"category","embeddable":true,"href":"https:\/\/radiowebmx.com\/nota\/wp-json\/wp\/v2\/categories?post=28066"},{"taxonomy":"post_tag","embeddable":true,"href":"https:\/\/radiowebmx.com\/nota\/wp-json\/wp\/v2\/tags?post=28066"}],"curies":[{"name":"wp","href":"https:\/\/api.w.org\/{rel}","templated":true}]}}