{"id":28017,"date":"2016-11-23T13:57:51","date_gmt":"2016-11-23T19:57:51","guid":{"rendered":"https:\/\/radiowebmx.com\/nota\/?p=28017"},"modified":"2016-11-23T14:03:15","modified_gmt":"2016-11-23T20:03:15","slug":"se-reune-victor-silva-con-la-estructura-priista-de-zitacuaro","status":"publish","type":"post","link":"https:\/\/radiowebmx.com\/nota\/se-reune-victor-silva-con-la-estructura-priista-de-zitacuaro\/","title":{"rendered":"SE RE\u00daNE V\u00cdCTOR SILVA CON LA ESTRUCTURA PRIISTA DE ZIT\u00c1CUARO"},"content":{"rendered":"<p><img loading=\"lazy\" decoding=\"async\" src=\"https:\/\/radiowebmx.com\/nota\/wp-content\/uploads\/2016\/11\/thumbnail_IMG_3124.jpg\" alt=\"thumbnail_img_3124\" width=\"709\" height=\"472\" class=\"alignleft size-full wp-image-28019\" srcset=\"https:\/\/radiowebmx.com\/nota\/wp-content\/uploads\/2016\/11\/thumbnail_IMG_3124.jpg 709w, https:\/\/radiowebmx.com\/nota\/wp-content\/uploads\/2016\/11\/thumbnail_IMG_3124-300x200.jpg 300w\" sizes=\"auto, (max-width: 709px) 100vw, 709px\" \/><\/p>\n<p>Zit\u00e1cuaro, Michoac\u00e1n a 22 de noviembre de 2016.- \u201cLa diversidad es la gran fortaleza del PRI, es por ello, que con todas las expresiones integradas, siendo parte del trabajo del partido, nos estamos fortaleciendo  para salir a dar la batalla\u201d, se\u00f1al\u00f3 el dirigente del PRI en Michoac\u00e1n, V\u00edctor Silva Tejeda.<\/p>\n<p>En reuni\u00f3n de trabajo con la estructura de la zona oriente del estado sostuvo que &#8220;tenemos que ponernos de acuerdo a trav\u00e9s de la inclusi\u00f3n; todos con tareas bien definidas y luchar juntos para ser competitivos&#8221;.<\/p>\n<p>&#8220;En un di\u00e1logo respetuoso, haciendo pol\u00edtica; debemos decir qu\u00e9 sentimos y qu\u00e9 queremos para el partido\u201d.<\/p>\n<p>Tambi\u00e9n, se\u00f1al\u00f3 que &#8220;pronto estaremos renovados en los 113 municipios y estar\u00e1n debidamente integrados los consejos en su totalidad, en donde todos los priistas estar\u00e1n representados&#8221;.<\/p>\n<p>Hizo un llamado a todos los priistas de la regi\u00f3n a buscar el equilibrio, la inclusi\u00f3n y la pluralidad en sus consejos pol\u00edticos. &#8220;Porque a trav\u00e9s de ellos elegir\u00e1n a sus pr\u00f3ximas dirigencias y candidatos, y deber\u00e1n ser responsables en los pr\u00f3ximos procesos electorales&#8221;.<\/p>\n<p>Durante su participaci\u00f3n, el Diputado Federal Antonio Ixtl\u00e1huac Orihuela, se dijo congratulado por la visita del dirigente y del CDE en pleno, \u201cesta ser\u00e1 una nueva etapa de \u00e9xito para el partido\u201d.<\/p>\n<p>El presidente del comit\u00e9 municipal de Zit\u00e1cuaro, Javier Correa Mora, asever\u00f3 que es tiempo de trabajo y unidad, no s\u00f3lo de discursos, \u201cla \u00fanica opci\u00f3n del partido es la acci\u00f3n, es tiempo de redoblar esfuerzos; el PRI est\u00e1 aprendiendo de sus errores&#8221;.<\/p>\n<p> Adem\u00e1s de militantes de toda la regi\u00f3n, dirigentes municipales, ex alcaldes priistas, ex diputados y regidores, estuvieron presentes los secretarios del CDE: de Organizaci\u00f3n, Antonio Guzm\u00e1n; de Acci\u00f3n Electoral, Jes\u00fas Remigio Garc\u00eda; del Consejo Pol\u00edtico Estatal, Patricia Medina; de Gesti\u00f3n Social, Vanina Hern\u00e1ndez; adjunto a la presidencia, Nacho Banderas y de Comunicaci\u00f3n Institucional, Lupita Santacruz.<\/p>\n","protected":false},"excerpt":{"rendered":"<p>\u201cLa diversidad es la gran fortaleza del PRI, es por ello, que con todas las expresiones integradas, siendo parte del trabajo del partido, nos estamos fortaleciendo  para salir a dar la batalla\u201d, se\u00f1al\u00f3 el dirigente del PRI en Michoac\u00e1n, V\u00edctor Silva Tejeda.<\/p>\n","protected":false},"author":1,"featured_media":28019,"comment_status":"open","ping_status":"open","sticky":false,"template":"","format":"standard","meta":{"footnotes":""},"categories":[11,12],"tags":[],"class_list":["post-28017","post","type-post","status-publish","format-standard","has-post-thumbnail","hentry","category-partidos-politicos","category-pri"],"_links":{"self":[{"href":"https:\/\/radiowebmx.com\/nota\/wp-json\/wp\/v2\/posts\/28017","targetHints":{"allow":["GET"]}}],"collection":[{"href":"https:\/\/radiowebmx.com\/nota\/wp-json\/wp\/v2\/posts"}],"about":[{"href":"https:\/\/radiowebmx.com\/nota\/wp-json\/wp\/v2\/types\/post"}],"author":[{"embeddable":true,"href":"https:\/\/radiowebmx.com\/nota\/wp-json\/wp\/v2\/users\/1"}],"replies":[{"embeddable":true,"href":"https:\/\/radiowebmx.com\/nota\/wp-json\/wp\/v2\/comments?post=28017"}],"version-history":[{"count":3,"href":"https:\/\/radiowebmx.com\/nota\/wp-json\/wp\/v2\/posts\/28017\/revisions"}],"predecessor-version":[{"id":28021,"href":"https:\/\/radiowebmx.com\/nota\/wp-json\/wp\/v2\/posts\/28017\/revisions\/28021"}],"wp:featuredmedia":[{"embeddable":true,"href":"https:\/\/radiowebmx.com\/nota\/wp-json\/wp\/v2\/media\/28019"}],"wp:attachment":[{"href":"https:\/\/radiowebmx.com\/nota\/wp-json\/wp\/v2\/media?parent=28017"}],"wp:term":[{"taxonomy":"category","embeddable":true,"href":"https:\/\/radiowebmx.com\/nota\/wp-json\/wp\/v2\/categories?post=28017"},{"taxonomy":"post_tag","embeddable":true,"href":"https:\/\/radiowebmx.com\/nota\/wp-json\/wp\/v2\/tags?post=28017"}],"curies":[{"name":"wp","href":"https:\/\/api.w.org\/{rel}","templated":true}]}}