{"id":2801,"date":"2013-06-04T13:15:05","date_gmt":"2013-06-04T18:15:05","guid":{"rendered":"https:\/\/radiowebmx.com\/nota\/?p=2801"},"modified":"2013-06-04T13:15:05","modified_gmt":"2013-06-04T18:15:05","slug":"fortalece-el-cobaem-su-sistema-de-ensenanza-abierta","status":"publish","type":"post","link":"https:\/\/radiowebmx.com\/nota\/fortalece-el-cobaem-su-sistema-de-ensenanza-abierta\/","title":{"rendered":"FORTALECE EL COBAEM SU SISTEMA DE  ENSE\u00d1ANZA ABIERTA"},"content":{"rendered":"<p>El director general del Colegio de Bachilleres del Estado de Michoac\u00e1n, Mario Maga\u00f1a Ju\u00e1rez, nombr\u00f3 a Agapito P\u00e9rez D\u00edaz, como nuevo titular dela Direcci\u00f3nde Educaci\u00f3n No Escolarizada, tras un an\u00e1lisis responsable sobre los posibles perfiles que podr\u00edan ocupar el cargo.<\/p>\n<p>&nbsp;<\/p>\n<p>Con la llegada de un perfil con experiencia y de gran trayectoria, el COBAEM fortalece su Sistema de Ense\u00f1anza Abierta, toda vez que esta modalidad ha sido en los \u00faltimos a\u00f1os una opci\u00f3n de educaci\u00f3n media superior para miles de michoacanos, incluso para quienes radican enla Uni\u00f3n Americana.<\/p>\n<p>&nbsp;<\/p>\n<p>Agapito P\u00e9rez D\u00edaz, cuenta con una trayectoria de m\u00e1s de quince a\u00f1os al servicio del Colegio de Bachilleres; ha desempe\u00f1ado los cargos de titular de IMPEA, Subsecretario de Educaci\u00f3n Media Superior y Superior enla SEE, as\u00ed como Director General y titular de Planeaci\u00f3n Educativa, respectivamente en el COBAEM.<\/p>\n<p>&nbsp;<\/p>\n<p>Al darle posesi\u00f3n del nuevo cargo,\u00a0 Mario Maga\u00f1a destac\u00f3 que un elemento con el perfil y trayectoria de P\u00e9rez D\u00edaz se integre al grupo directivo del COBAEM, fortaleciendo el proyecto de desarrollo institucional que el Gobierno del Estado trabaja a trav\u00e9z dela Direcci\u00f3n General.<\/p>\n<p>&nbsp;<\/p>\n<p>Reconoci\u00f3 la disposici\u00f3n del funcionario, para accionar de acuerdo a los principios que rigen la instituci\u00f3n; consider\u00f3 de gran val\u00eda, que un ex director General que conoce el subsistema a la perfecci\u00f3n se sume a su equipo de trabajo y agradeci\u00f3 su don de servicio.<\/p>\n<p>&nbsp;<\/p>\n<p>Maga\u00f1a Ju\u00e1rez agreg\u00f3 que con el respaldo de personas que gozan de solvencia moral, profesional y \u00e9tica, es posible responder con mejores resultados, ante la demanda de educaci\u00f3n de calidad que los michoacanos requieren para salir adelante y que se encuentra entre los compromisos que el Gobierno del Estado ha establecido con la sociedad michoacana.<\/p>\n<p>&nbsp;<\/p>\n<p>Por su parte, Agapito P\u00e9rez D\u00edaz, manifest\u00f3 su agradecimiento por la confianza depositada en su persona para tal encomienda, asimismo, se comprometi\u00f3 a ser portador de dedicaci\u00f3n y empe\u00f1o en beneficio de los fines institucionales.<\/p>\n<p>&nbsp;<\/p>\n<p>&nbsp;<\/p>\n<p>Actualmente el Sistema de Ense\u00f1anza Abierta cuenta con 10 Unidades en el estado de Michoac\u00e1n, un Centro de Educaci\u00f3n Virtual y tres m\u00f3dulos a distancia\u00a0 en los Estados Unidos, ubicados en Chicago, Illinois; Los \u00c1ngeles, California y Dallas, Texas.<\/p>\n","protected":false},"excerpt":{"rendered":"<p>El director general del Colegio de Bachilleres del Estado de Michoac\u00e1n, Mario Maga\u00f1a Ju\u00e1rez, nombr\u00f3 a Agapito P\u00e9rez D\u00edaz, como nuevo titular dela Direcci\u00f3nde Educaci\u00f3n No Escolarizada, tras un an\u00e1lisis responsable sobre los posibles perfiles que podr\u00edan ocupar el cargo.  <\/p>\n","protected":false},"author":1,"featured_media":0,"comment_status":"open","ping_status":"open","sticky":false,"template":"","format":"standard","meta":{"footnotes":""},"categories":[3],"tags":[],"class_list":["post-2801","post","type-post","status-publish","format-standard","hentry","category-gobierno-del-estado-de-michoacan"],"_links":{"self":[{"href":"https:\/\/radiowebmx.com\/nota\/wp-json\/wp\/v2\/posts\/2801","targetHints":{"allow":["GET"]}}],"collection":[{"href":"https:\/\/radiowebmx.com\/nota\/wp-json\/wp\/v2\/posts"}],"about":[{"href":"https:\/\/radiowebmx.com\/nota\/wp-json\/wp\/v2\/types\/post"}],"author":[{"embeddable":true,"href":"https:\/\/radiowebmx.com\/nota\/wp-json\/wp\/v2\/users\/1"}],"replies":[{"embeddable":true,"href":"https:\/\/radiowebmx.com\/nota\/wp-json\/wp\/v2\/comments?post=2801"}],"version-history":[{"count":2,"href":"https:\/\/radiowebmx.com\/nota\/wp-json\/wp\/v2\/posts\/2801\/revisions"}],"predecessor-version":[{"id":2803,"href":"https:\/\/radiowebmx.com\/nota\/wp-json\/wp\/v2\/posts\/2801\/revisions\/2803"}],"wp:attachment":[{"href":"https:\/\/radiowebmx.com\/nota\/wp-json\/wp\/v2\/media?parent=2801"}],"wp:term":[{"taxonomy":"category","embeddable":true,"href":"https:\/\/radiowebmx.com\/nota\/wp-json\/wp\/v2\/categories?post=2801"},{"taxonomy":"post_tag","embeddable":true,"href":"https:\/\/radiowebmx.com\/nota\/wp-json\/wp\/v2\/tags?post=2801"}],"curies":[{"name":"wp","href":"https:\/\/api.w.org\/{rel}","templated":true}]}}