{"id":27993,"date":"2016-11-23T12:16:20","date_gmt":"2016-11-23T18:16:20","guid":{"rendered":"https:\/\/radiowebmx.com\/nota\/?p=27993"},"modified":"2016-11-23T12:16:20","modified_gmt":"2016-11-23T18:16:20","slug":"aumenta-el-numero-de-nuevos-alumnos-inscritos-en-la-univim","status":"publish","type":"post","link":"https:\/\/radiowebmx.com\/nota\/aumenta-el-numero-de-nuevos-alumnos-inscritos-en-la-univim\/","title":{"rendered":"Aumenta el n\u00famero de nuevos alumnos inscritos en la Univim"},"content":{"rendered":"<p><img loading=\"lazy\" decoding=\"async\" src=\"https:\/\/radiowebmx.com\/nota\/wp-content\/uploads\/2016\/11\/301891fe-0cfd-453d-9c48-cf8cb96c9150.jpg\" alt=\"301891fe-0cfd-453d-9c48-cf8cb96c9150\" width=\"709\" height=\"531\" class=\"alignleft size-full wp-image-27994\" srcset=\"https:\/\/radiowebmx.com\/nota\/wp-content\/uploads\/2016\/11\/301891fe-0cfd-453d-9c48-cf8cb96c9150.jpg 709w, https:\/\/radiowebmx.com\/nota\/wp-content\/uploads\/2016\/11\/301891fe-0cfd-453d-9c48-cf8cb96c9150-300x225.jpg 300w\" sizes=\"auto, (max-width: 709px) 100vw, 709px\" \/><\/p>\n<p>Morelia, Michoac\u00e1n, a 23 de noviembre de 2016.- Con una inscripci\u00f3n de 803 alumnos, la Universidad Virtual del Estado de Michoac\u00e1n (Univim) dio inicio al curso proped\u00e9utico de nuevo ingreso al nivel Licenciatura, cuyo cuatrimestre arrancar\u00e1 de manera formal el 2 de enero de 2017.<\/p>\n<p>La rectora de la Univim, Silvia Mendoza Valenzuela, se congratul\u00f3 por el incremento de la matr\u00edcula e inform\u00f3 que el curso proped\u00e9utico de nuevo ingreso se lleva a cabo del 21 de noviembre al 11 de diciembre completamente en l\u00ednea y sin horario forzoso, por lo que invit\u00f3 a las y los estudiantes a enviar su documentaci\u00f3n o comprobante de pago a m\u00e1s tardar esta semana para que puedan incorporarse al curso.<\/p>\n<p>Adem\u00e1s, destac\u00f3 que en comparaci\u00f3n con el mismo periodo del a\u00f1o anterior, se ha logrado un incremento de 300 nuevos alumnos inscritos, por lo que resalt\u00f3 el buen paso de la Univim para su consolidaci\u00f3n.<\/p>\n<p>Cabe destacar que las Unidades Virtuales de Extensi\u00f3n Universitaria (UVEUs) recientemente inauguradas en algunos municipios de la entidad, han recibido a los estudiantes de la Univim que no cuentan con computadora o acceso a Internet; adem\u00e1s, son auxiliados por el asesor encargado de dicho espacio en el caso de que tengan alguna duda con respecto a la navegaci\u00f3n y acceso a la plataforma web o Campus Virtual Univim.<\/p>\n<p>Con dicha acci\u00f3n se dar\u00e1 acompa\u00f1amiento a las y los estudiantes de las localidades m\u00e1s lejanas y con ello disminuir los \u00edndices de deserci\u00f3n e incrementar la cobertura en el nivel superior, tal como lo ha instruido el Gobernador Silvano Aureoles Conejo. <\/p>\n","protected":false},"excerpt":{"rendered":"<p>Con una inscripci\u00f3n de 803 alumnos, la Universidad Virtual del Estado de Michoac\u00e1n (Univim) dio inicio al curso proped\u00e9utico de nuevo ingreso al nivel Licenciatura, cuyo cuatrimestre arrancar\u00e1 de manera formal el 2 de enero de 2017.<\/p>\n","protected":false},"author":1,"featured_media":27994,"comment_status":"open","ping_status":"open","sticky":false,"template":"","format":"standard","meta":{"footnotes":""},"categories":[14,3],"tags":[],"class_list":["post-27993","post","type-post","status-publish","format-standard","has-post-thumbnail","hentry","category-destacadas","category-gobierno-del-estado-de-michoacan"],"_links":{"self":[{"href":"https:\/\/radiowebmx.com\/nota\/wp-json\/wp\/v2\/posts\/27993","targetHints":{"allow":["GET"]}}],"collection":[{"href":"https:\/\/radiowebmx.com\/nota\/wp-json\/wp\/v2\/posts"}],"about":[{"href":"https:\/\/radiowebmx.com\/nota\/wp-json\/wp\/v2\/types\/post"}],"author":[{"embeddable":true,"href":"https:\/\/radiowebmx.com\/nota\/wp-json\/wp\/v2\/users\/1"}],"replies":[{"embeddable":true,"href":"https:\/\/radiowebmx.com\/nota\/wp-json\/wp\/v2\/comments?post=27993"}],"version-history":[{"count":1,"href":"https:\/\/radiowebmx.com\/nota\/wp-json\/wp\/v2\/posts\/27993\/revisions"}],"predecessor-version":[{"id":27995,"href":"https:\/\/radiowebmx.com\/nota\/wp-json\/wp\/v2\/posts\/27993\/revisions\/27995"}],"wp:featuredmedia":[{"embeddable":true,"href":"https:\/\/radiowebmx.com\/nota\/wp-json\/wp\/v2\/media\/27994"}],"wp:attachment":[{"href":"https:\/\/radiowebmx.com\/nota\/wp-json\/wp\/v2\/media?parent=27993"}],"wp:term":[{"taxonomy":"category","embeddable":true,"href":"https:\/\/radiowebmx.com\/nota\/wp-json\/wp\/v2\/categories?post=27993"},{"taxonomy":"post_tag","embeddable":true,"href":"https:\/\/radiowebmx.com\/nota\/wp-json\/wp\/v2\/tags?post=27993"}],"curies":[{"name":"wp","href":"https:\/\/api.w.org\/{rel}","templated":true}]}}