{"id":2799,"date":"2013-06-04T13:09:25","date_gmt":"2013-06-04T18:09:25","guid":{"rendered":"https:\/\/radiowebmx.com\/nota\/?p=2799"},"modified":"2013-06-04T13:09:25","modified_gmt":"2013-06-04T18:09:25","slug":"urge-en-michoacan-contar-con-una-norma-que-regule-marchas-y-plantones-a-fin-de-evitar-que-cada-vez-que-estas-se-presentan-con-mayor-frecuencia-en-la-entidad-se-siga-danando-la-imagen-de-la","status":"publish","type":"post","link":"https:\/\/radiowebmx.com\/nota\/urge-en-michoacan-contar-con-una-norma-que-regule-marchas-y-plantones-a-fin-de-evitar-que-cada-vez-que-estas-se-presentan-con-mayor-frecuencia-en-la-entidad-se-siga-danando-la-imagen-de-la\/","title":{"rendered":"\u201cUrge en Michoac\u00e1n contar con una norma que regule marchas y plantones, a fin de evitar que cada vez que estas se presentan con mayor frecuencia en la entidad, se siga da\u00f1ando la imagen de la misma, as\u00ed como la vida cotidiana de los michoacanos\u201d, reproch\u00f3 el diputado Alfonso Mart\u00ednez Alc\u00e1zar coordinador del Grupo Parlamentario del Partido Acci\u00f3n Nacional."},"content":{"rendered":"<p>El gobernador del estado, Jes\u00fas Reyna Garc\u00eda inaugur\u00f3 la exposici\u00f3n \u201cAlas dela Ciudad\u201d del artista pl\u00e1stico Jorge Mar\u00edn, compuesta por nueve esculturas monumentales de bronce que estar\u00e1n exhibidas hasta el mes de julio sobre la calzada Fray Antonio de San Miguel, de la capital michoacana.<\/p>\n<p>Esta obra que tambi\u00e9n se exhibe en el Paseo dela Reformaenla Ciudadde M\u00e9xico, ha sido todo un \u00e9xito desde su presentaci\u00f3n en el 2010.<\/p>\n<p>Despu\u00e9s de inaugurar dicha exposici\u00f3n, Reyna Garc\u00eda recorri\u00f3 las obras del artista pl\u00e1stico Jorge Mar\u00edn &#8220;Alas dela Ciudad&#8221;, proyecto art\u00edstico-urbano que a tres a\u00f1os de su inauguraci\u00f3n se ha convertido en un punto de reuni\u00f3n, referencia, motivaci\u00f3n, alegr\u00eda, diversi\u00f3n y sobre todo de unidad entre el p\u00fablico en las ciudades que se han presentado sus obras.<\/p>\n<p>En presencia del diputado Fidel Calder\u00f3n Torreblanca, presidente dela Mesa Directivadel Congreso local; de Wilfrido L\u00e1zaro Medina, presidente municipal de Morelia, as\u00ed como de Marco Antonio Aguilar Cort\u00e9s, secretario de Cultura; de Roberto Monroy Garc\u00eda, secretario de Turismo; de Guillermo Guzm\u00e1n Fuentes, jefe de la oficina Adjunta al despacho del gobernador; del diputado Rigel Mac\u00edas Hern\u00e1ndez, y funcionarios estatales y municipales, Jorge Mar\u00edn explic\u00f3 cada una de las piezas de bronce en que simbolizan el valor superior de la libertad.<\/p>\n<p>La obra \u201cAlas dela Ciudad\u201d, contribuye a la promoci\u00f3n del arte en el estado, donde los michoacanos podr\u00e1n ser parte del \u00e9xito de este trabajo, que le ha permitido al uruapense, tener presencia con sus obras en museos de pa\u00edses como Estados Unidos, Canad\u00e1, Rusia, B\u00e9lgica, Francia, Espa\u00f1a, Portugal, Turqu\u00eda, Alemania e Inglaterra.<\/p>\n<p>Con \u201cAlas dela Ciudad\u201d, Jorge Mar\u00edn, realiza una exposici\u00f3n itinerante porla Rep\u00fablica Mexicana, con sus nueve obras de bronce monumentales. Las obras que se pueden apreciar son: Alas dela Ciudad, Equilibrista 90, \u00c1ngel pers\u00e9lido, Hombre universal, El tiempo, Split monumental, Archivaldo, Bernardo Oriental y Abrazo Monumental.<\/p>\n","protected":false},"excerpt":{"rendered":"<p>El gobernador del estado, Jes\u00fas Reyna Garc\u00eda inaugur\u00f3 la exposici\u00f3n \u201cAlas dela Ciudad\u201d del artista pl\u00e1stico Jorge Mar\u00edn, compuesta por nueve esculturas monumentales de bronce que estar\u00e1n exhibidas hasta el mes de julio sobre la calzada Fray Antonio de San Miguel, de la capital michoacana.<\/p>\n","protected":false},"author":1,"featured_media":0,"comment_status":"open","ping_status":"open","sticky":false,"template":"","format":"standard","meta":{"footnotes":""},"categories":[3],"tags":[],"class_list":["post-2799","post","type-post","status-publish","format-standard","hentry","category-gobierno-del-estado-de-michoacan"],"_links":{"self":[{"href":"https:\/\/radiowebmx.com\/nota\/wp-json\/wp\/v2\/posts\/2799","targetHints":{"allow":["GET"]}}],"collection":[{"href":"https:\/\/radiowebmx.com\/nota\/wp-json\/wp\/v2\/posts"}],"about":[{"href":"https:\/\/radiowebmx.com\/nota\/wp-json\/wp\/v2\/types\/post"}],"author":[{"embeddable":true,"href":"https:\/\/radiowebmx.com\/nota\/wp-json\/wp\/v2\/users\/1"}],"replies":[{"embeddable":true,"href":"https:\/\/radiowebmx.com\/nota\/wp-json\/wp\/v2\/comments?post=2799"}],"version-history":[{"count":1,"href":"https:\/\/radiowebmx.com\/nota\/wp-json\/wp\/v2\/posts\/2799\/revisions"}],"predecessor-version":[{"id":2800,"href":"https:\/\/radiowebmx.com\/nota\/wp-json\/wp\/v2\/posts\/2799\/revisions\/2800"}],"wp:attachment":[{"href":"https:\/\/radiowebmx.com\/nota\/wp-json\/wp\/v2\/media?parent=2799"}],"wp:term":[{"taxonomy":"category","embeddable":true,"href":"https:\/\/radiowebmx.com\/nota\/wp-json\/wp\/v2\/categories?post=2799"},{"taxonomy":"post_tag","embeddable":true,"href":"https:\/\/radiowebmx.com\/nota\/wp-json\/wp\/v2\/tags?post=2799"}],"curies":[{"name":"wp","href":"https:\/\/api.w.org\/{rel}","templated":true}]}}