{"id":27986,"date":"2016-11-23T12:08:27","date_gmt":"2016-11-23T18:08:27","guid":{"rendered":"https:\/\/radiowebmx.com\/nota\/?p=27986"},"modified":"2016-11-23T12:08:27","modified_gmt":"2016-11-23T18:08:27","slug":"alista-spi-gran-exposicion-indigena-de-michoacan","status":"publish","type":"post","link":"https:\/\/radiowebmx.com\/nota\/alista-spi-gran-exposicion-indigena-de-michoacan\/","title":{"rendered":"Alista SPI gran exposici\u00f3n ind\u00edgena de Michoac\u00e1n"},"content":{"rendered":"<p><img loading=\"lazy\" decoding=\"async\" src=\"https:\/\/radiowebmx.com\/nota\/wp-content\/uploads\/2016\/11\/05091b8a-4368-454e-b7d9-0a490376a5e3.jpeg\" alt=\"05091b8a-4368-454e-b7d9-0a490376a5e3\" width=\"709\" height=\"553\" class=\"alignleft size-full wp-image-27987\" srcset=\"https:\/\/radiowebmx.com\/nota\/wp-content\/uploads\/2016\/11\/05091b8a-4368-454e-b7d9-0a490376a5e3.jpeg 709w, https:\/\/radiowebmx.com\/nota\/wp-content\/uploads\/2016\/11\/05091b8a-4368-454e-b7d9-0a490376a5e3-300x234.jpeg 300w\" sizes=\"auto, (max-width: 709px) 100vw, 709px\" \/><\/p>\n<p>Paracho, Michoac\u00e1n, a 22 de noviembre de 2016.- La Secretar\u00eda de Pueblos Ind\u00edgenas (SPI) felicita a todos los m\u00fasicos en su d\u00eda y reconoce que se trata de un sector fundamental de las identidades regionales y culturales, con especial fuerza en los pueblos ind\u00edgenas del pa\u00eds, dijo el titular de la dependencia, Mart\u00edn Garc\u00eda Avil\u00e9s, al reunirse con m\u00fasicos pur\u00e9pechas a quienes inform\u00f3 que se trabaja para llevar a cabo una gran exposici\u00f3n ind\u00edgena de Michoac\u00e1n.<\/p>\n<p>\u201cLa m\u00fasica es el alma de los pueblos\u201d, les dijo Garc\u00eda Avil\u00e9s, quien se congratul\u00f3 de que la cultura pur\u00e9pecha sea una de las m\u00e1s musicales del mundo. Coment\u00f3 que sabe de sones, pirekuas y abaje\u00f1os porque aprendi\u00f3 a apreciarlos desde su infancia, gracias a que su familia ha contado con ejecutantes y maestros de diversos instrumentos de cuerdas, percusi\u00f3n y aliento.<\/p>\n<p>Consider\u00f3 que el reconocimiento de la UNESCO de hace seis a\u00f1os a la pirekua como Patrimonio Cultural Inmaterial de la Humanidad es para todos los compositores y ejecutantes, y para el pueblo michoacano en su conjunto, y que es deseable que proyectos como el \u201cConservatorio P\u00b4urh\u00e9pecha\u201d se consoliden.<\/p>\n<p>Record\u00f3 que hay comunidades que \u201chan desarrollado una verdadera industria musical\u201d, como Ich\u00e1n, Tingambato, San Angel Zurumucapio o Quinceo, y que son cientos de m\u00fasicos y familias los que viven de esta actividad desarrollada en orquestas y bandas, o como acompa\u00f1antes de pireris que han dado proyecci\u00f3n a su cultura y a su estado.<\/p>\n","protected":false},"excerpt":{"rendered":"<p>La SPI felicita a todos los m\u00fasicos en su d\u00eda y reconoce que se trata de un sector fundamental de las identidades regionales y culturales, con especial fuerza en los pueblos ind\u00edgenas del pa\u00eds, dijo el titular de la dependencia, Mart\u00edn Garc\u00eda Avil\u00e9s, al reunirse con m\u00fasicos pur\u00e9pechas a quienes inform\u00f3 que se trabaja para llevar a cabo una gran exposici\u00f3n ind\u00edgena de Michoac\u00e1n.<\/p>\n","protected":false},"author":1,"featured_media":27987,"comment_status":"open","ping_status":"open","sticky":false,"template":"","format":"standard","meta":{"footnotes":""},"categories":[14,3],"tags":[],"class_list":["post-27986","post","type-post","status-publish","format-standard","has-post-thumbnail","hentry","category-destacadas","category-gobierno-del-estado-de-michoacan"],"_links":{"self":[{"href":"https:\/\/radiowebmx.com\/nota\/wp-json\/wp\/v2\/posts\/27986","targetHints":{"allow":["GET"]}}],"collection":[{"href":"https:\/\/radiowebmx.com\/nota\/wp-json\/wp\/v2\/posts"}],"about":[{"href":"https:\/\/radiowebmx.com\/nota\/wp-json\/wp\/v2\/types\/post"}],"author":[{"embeddable":true,"href":"https:\/\/radiowebmx.com\/nota\/wp-json\/wp\/v2\/users\/1"}],"replies":[{"embeddable":true,"href":"https:\/\/radiowebmx.com\/nota\/wp-json\/wp\/v2\/comments?post=27986"}],"version-history":[{"count":1,"href":"https:\/\/radiowebmx.com\/nota\/wp-json\/wp\/v2\/posts\/27986\/revisions"}],"predecessor-version":[{"id":27988,"href":"https:\/\/radiowebmx.com\/nota\/wp-json\/wp\/v2\/posts\/27986\/revisions\/27988"}],"wp:featuredmedia":[{"embeddable":true,"href":"https:\/\/radiowebmx.com\/nota\/wp-json\/wp\/v2\/media\/27987"}],"wp:attachment":[{"href":"https:\/\/radiowebmx.com\/nota\/wp-json\/wp\/v2\/media?parent=27986"}],"wp:term":[{"taxonomy":"category","embeddable":true,"href":"https:\/\/radiowebmx.com\/nota\/wp-json\/wp\/v2\/categories?post=27986"},{"taxonomy":"post_tag","embeddable":true,"href":"https:\/\/radiowebmx.com\/nota\/wp-json\/wp\/v2\/tags?post=27986"}],"curies":[{"name":"wp","href":"https:\/\/api.w.org\/{rel}","templated":true}]}}