{"id":27983,"date":"2016-11-23T12:02:17","date_gmt":"2016-11-23T18:02:17","guid":{"rendered":"https:\/\/radiowebmx.com\/nota\/?p=27983"},"modified":"2016-11-23T12:02:17","modified_gmt":"2016-11-23T18:02:17","slug":"calderon-avala-un-acuerdo-margarita-anaya-pero-veta-a-santiago-creel-como-operador","status":"publish","type":"post","link":"https:\/\/radiowebmx.com\/nota\/calderon-avala-un-acuerdo-margarita-anaya-pero-veta-a-santiago-creel-como-operador\/","title":{"rendered":"Calder\u00f3n avala un acuerdo Margarita-Anaya pero veta a Santiago Creel como operador"},"content":{"rendered":"<p>No ser\u00eda atinado se\u00f1alar que Felipe Calder\u00f3n comenz\u00f3 a analizar el acercamiento de Margarita Zavala con Ricardo Anaya por la derrota de Hillary Clinton en Estados Unidos. Dos semanas antes de la elecci\u00f3n el ex presidente estuvo en una boda en Puerto Vallarta. En esa madrugada, en una mesa retirada Calder\u00f3n dijo que su esposa no ser\u00e1 presidente sin una estructura y que entre la de Rafa\u00e9l Moreno Valle y la de Anaya se inclinaba por el segundo. &#8220;Anaya es flexible, Moreno Valle no te da nada&#8221;, fue la sentencia de esa velada la cual aliment\u00f3 luego la interpretaci\u00f3n de que el ex presidente le achaca al gobernador de Puebla el mismo rasgo que muchos le imputan a \u00e9l mismo.<br \/>\nTal como cont\u00f3 LPO, la posibilidad de un acercamiento est\u00e1 instalada. Sin embargo Calder\u00f3n ya habr\u00eda vetado a Santiago Creel como art\u00edfice de las condiciones de la misma. Tienen una historia tormentosa. Calder\u00f3n se dec\u00eda menospreciado por Creel durante el gobierno de Vicente Fox y el ex secretario de Gobierno asegura que el ex presidente lo maltrat\u00f3 en exceso cuando lleg\u00f3 a Los Pinos y \u00e9l se instal\u00f3 en el Senado. Pero el dato a considerar es que ese malestar nunca incluy\u00f3 a Margarita, quien por cierto, siempre sostuvo un trato cordial con quien hoy es uno de los laderos centrales de Anaya.<br \/>\nCreel est\u00e1 apostando fuerte a la fusi\u00f3n Margarita-Anaya. Es el organizador de las dos \u00faltimas reuniones entre ambos y est\u00e1 convencido de que esa uni\u00f3n puede ser fruct\u00edfera a\u00fan en caso de que ninguno de los dos termine como candidato, sino apoyando a un tercero. Esa urgencia no est\u00e1 fundada ni en el futuro de la Casa Blanca ni en las fotos de la vida de Anaya en Atlanta: Creel asegura tener la certeza de que hay fuertes estructuras del PRI que  est\u00e1n encaminadas hacia el proyecto de Moreno Valle. Son las que habr\u00edan sido acercadas por un importante ejecutivo del Grupo \u00c1ngeles, propietario de una pujante maquinaria medi\u00e1tica.<br \/>\nEste razonamiento de Anaya-Margarita juntos a\u00fan sin que ninguno sea candidato es rechazado por Calder\u00f3n que por ahora no se muestra dispuesto a que su esposa no sea candidata en 2018. Cuando le dicen sobre la dificultad de que M\u00e9xico vote a una mujer como contrapeso de Trump replica que para ese entonces el presidente ya estar\u00e1 m\u00e1s moderado y que habr\u00e1 perdido las legislativas frente al retorno de los dem\u00f3cratas. Curiosa futurolog\u00eda. Ficci\u00f3n o realidad, Calder\u00f3n quiere a Margarita candidata y eso habr\u00eda alimentado el \u00faltimo encuentro a solas que el ex presidente tuvo con Dante Delgado, l\u00edder de Movimiento Ciudadano, en un domicilio de la Condesa.<br \/>\nA los laderos de Anaya esos encuentros no les preocupan. Est\u00e1n convencidos de que a Margarita solo la puede votar un electorado panista. Su nombre genera rechaza en el votante de centro izquierda. Ese es el destino que aseguran la unir\u00e1 inexorablemente a Anaya y su estructura. Aunque todav\u00eda, sostienen, Calder\u00f3n no de cuenta.<\/p>\n","protected":false},"excerpt":{"rendered":"<p>No ser\u00eda atinado se\u00f1alar que Felipe Calder\u00f3n comenz\u00f3 a analizar el acercamiento de Margarita Zavala con Ricardo Anaya por la derrota de Hillary Clinton en Estados Unidos. Dos semanas antes de la elecci\u00f3n el ex presidente estuvo en una boda en Puerto Vallarta&#8230;<\/p>\n","protected":false},"author":1,"featured_media":27984,"comment_status":"open","ping_status":"open","sticky":false,"template":"","format":"standard","meta":{"footnotes":""},"categories":[14],"tags":[],"class_list":["post-27983","post","type-post","status-publish","format-standard","has-post-thumbnail","hentry","category-destacadas"],"_links":{"self":[{"href":"https:\/\/radiowebmx.com\/nota\/wp-json\/wp\/v2\/posts\/27983","targetHints":{"allow":["GET"]}}],"collection":[{"href":"https:\/\/radiowebmx.com\/nota\/wp-json\/wp\/v2\/posts"}],"about":[{"href":"https:\/\/radiowebmx.com\/nota\/wp-json\/wp\/v2\/types\/post"}],"author":[{"embeddable":true,"href":"https:\/\/radiowebmx.com\/nota\/wp-json\/wp\/v2\/users\/1"}],"replies":[{"embeddable":true,"href":"https:\/\/radiowebmx.com\/nota\/wp-json\/wp\/v2\/comments?post=27983"}],"version-history":[{"count":1,"href":"https:\/\/radiowebmx.com\/nota\/wp-json\/wp\/v2\/posts\/27983\/revisions"}],"predecessor-version":[{"id":27985,"href":"https:\/\/radiowebmx.com\/nota\/wp-json\/wp\/v2\/posts\/27983\/revisions\/27985"}],"wp:featuredmedia":[{"embeddable":true,"href":"https:\/\/radiowebmx.com\/nota\/wp-json\/wp\/v2\/media\/27984"}],"wp:attachment":[{"href":"https:\/\/radiowebmx.com\/nota\/wp-json\/wp\/v2\/media?parent=27983"}],"wp:term":[{"taxonomy":"category","embeddable":true,"href":"https:\/\/radiowebmx.com\/nota\/wp-json\/wp\/v2\/categories?post=27983"},{"taxonomy":"post_tag","embeddable":true,"href":"https:\/\/radiowebmx.com\/nota\/wp-json\/wp\/v2\/tags?post=27983"}],"curies":[{"name":"wp","href":"https:\/\/api.w.org\/{rel}","templated":true}]}}