{"id":27979,"date":"2016-11-23T11:46:15","date_gmt":"2016-11-23T17:46:15","guid":{"rendered":"https:\/\/radiowebmx.com\/nota\/?p=27979"},"modified":"2016-11-23T11:46:15","modified_gmt":"2016-11-23T17:46:15","slug":"alfonso-martinez-estrecha-coordinacion-por-la-seguridad-de-morelia","status":"publish","type":"post","link":"https:\/\/radiowebmx.com\/nota\/alfonso-martinez-estrecha-coordinacion-por-la-seguridad-de-morelia\/","title":{"rendered":"Alfonso Mart\u00ednez estrecha coordinaci\u00f3n por la seguridad de Morelia"},"content":{"rendered":"<p><img loading=\"lazy\" decoding=\"async\" src=\"https:\/\/radiowebmx.com\/nota\/wp-content\/uploads\/2016\/11\/d9bf098a-beca-4919-b4e9-480ca5b45ddb-1.jpg\" alt=\"d9bf098a-beca-4919-b4e9-480ca5b45ddb\" width=\"709\" height=\"472\" class=\"alignleft size-full wp-image-27981\" srcset=\"https:\/\/radiowebmx.com\/nota\/wp-content\/uploads\/2016\/11\/d9bf098a-beca-4919-b4e9-480ca5b45ddb-1.jpg 709w, https:\/\/radiowebmx.com\/nota\/wp-content\/uploads\/2016\/11\/d9bf098a-beca-4919-b4e9-480ca5b45ddb-1-300x200.jpg 300w\" sizes=\"auto, (max-width: 709px) 100vw, 709px\" \/><\/p>\n<p>El Presidente Municipal, Alfonso Mart\u00ednez Alc\u00e1zar, particip\u00f3 en una reuni\u00f3n de trabajo con autoridades estatales encabezadas por el Gobernador, Silvano Aureoles Conejo y autoridades de la 21 Zona Militar, en la cual se establecieron las acciones orientadas a perfeccionar la estrategia de seguridad en la regi\u00f3n y fortalecer la estrecha coordinaci\u00f3n entre los diversos \u00f3rdenes de Gobierno.<\/p>\n<p>Frente al mandatario estatal y el Mando Especial para la Seguridad de Michoac\u00e1n, el general Pedro Felipe Gurrola Ram\u00edrez, el Alcalde extern\u00f3 la disposici\u00f3n de la Administraci\u00f3n que encabeza por fortalecer la sinergia con las \u00e1reas de seguridad federales y estatales, procurando velar en todo momento por la integridad de los morelianos.<\/p>\n<p>Acompa\u00f1ado del Comisionado Municipal de Seguridad, agradeci\u00f3 tambi\u00e9n el apoyo que la capital michoacana ha tenido por parte de ambos \u00f3rdenes gubernamentales, y se pronunci\u00f3 por continuar en esta misma tendencia para ofrecer mejores resultados a la ciudadan\u00eda.<\/p>\n<p>En este marco, Alfonso Mart\u00ednez Alc\u00e1zar, destac\u00f3 que la coordinaci\u00f3n entre los tres \u00f3rdenes de gobierno ha sido medular, sin embargo, reconoci\u00f3 la importancia de afinar algunos detalles para obtener mejores resultados en rubros espec\u00edficos.<\/p>\n<p>Asimismo aplaudi\u00f3 que de manera permanente, el Ayuntamiento capitalino junto con el Grupo de Coordinaci\u00f3n Michoac\u00e1n, revisar\u00e1 y dar\u00e1 seguimiento a este tema tan sentido para los ciudadanos, lo que permitir\u00e1 alcanzar mayores resultados en un tiempo m\u00e1s reducido.<\/p>\n<p>Cabe mencionar, que adem\u00e1s estuvieron presentes en la sesi\u00f3n el Secretario de Gobierno, Adri\u00e1n L\u00f3pez Sol\u00eds; el Procurador de justicia del estado, Jos\u00e9 Mart\u00edn Godoy Castro; el Secretario de Seguridad P\u00fablica, Juan Bernardo Corona Mart\u00ednez; el Comandante de la 21 Zona Militar, General Jos\u00e9 Francisco Morales C\u00e1zares; as\u00ed como autoridades de los municipios de Zamora, Uruapan y L\u00e1zaro C\u00e1rdenas.<\/p>\n","protected":false},"excerpt":{"rendered":"<p>Alfonso Mart\u00ednez Alc\u00e1zar, particip\u00f3 en una reuni\u00f3n de trabajo con autoridades estatales encabezadas por el Gobernador, y autoridades de la 21 Zona Militar, en la cual se establecieron las acciones orientadas a perfeccionar la estrategia de seguridad en la regi\u00f3n y fortalecer la estrecha coordinaci\u00f3n entre los diversos \u00f3rdenes de Gobierno.<\/p>\n","protected":false},"author":1,"featured_media":27980,"comment_status":"open","ping_status":"open","sticky":false,"template":"","format":"standard","meta":{"footnotes":""},"categories":[14,9],"tags":[],"class_list":["post-27979","post","type-post","status-publish","format-standard","has-post-thumbnail","hentry","category-destacadas","category-morelia"],"_links":{"self":[{"href":"https:\/\/radiowebmx.com\/nota\/wp-json\/wp\/v2\/posts\/27979","targetHints":{"allow":["GET"]}}],"collection":[{"href":"https:\/\/radiowebmx.com\/nota\/wp-json\/wp\/v2\/posts"}],"about":[{"href":"https:\/\/radiowebmx.com\/nota\/wp-json\/wp\/v2\/types\/post"}],"author":[{"embeddable":true,"href":"https:\/\/radiowebmx.com\/nota\/wp-json\/wp\/v2\/users\/1"}],"replies":[{"embeddable":true,"href":"https:\/\/radiowebmx.com\/nota\/wp-json\/wp\/v2\/comments?post=27979"}],"version-history":[{"count":1,"href":"https:\/\/radiowebmx.com\/nota\/wp-json\/wp\/v2\/posts\/27979\/revisions"}],"predecessor-version":[{"id":27982,"href":"https:\/\/radiowebmx.com\/nota\/wp-json\/wp\/v2\/posts\/27979\/revisions\/27982"}],"wp:featuredmedia":[{"embeddable":true,"href":"https:\/\/radiowebmx.com\/nota\/wp-json\/wp\/v2\/media\/27980"}],"wp:attachment":[{"href":"https:\/\/radiowebmx.com\/nota\/wp-json\/wp\/v2\/media?parent=27979"}],"wp:term":[{"taxonomy":"category","embeddable":true,"href":"https:\/\/radiowebmx.com\/nota\/wp-json\/wp\/v2\/categories?post=27979"},{"taxonomy":"post_tag","embeddable":true,"href":"https:\/\/radiowebmx.com\/nota\/wp-json\/wp\/v2\/tags?post=27979"}],"curies":[{"name":"wp","href":"https:\/\/api.w.org\/{rel}","templated":true}]}}