{"id":27976,"date":"2016-11-23T11:42:47","date_gmt":"2016-11-23T17:42:47","guid":{"rendered":"https:\/\/radiowebmx.com\/nota\/?p=27976"},"modified":"2016-11-23T11:42:47","modified_gmt":"2016-11-23T17:42:47","slug":"reconoce-gobernador-triunfos-del-atleta-paralimpico-salvador-hernandez","status":"publish","type":"post","link":"https:\/\/radiowebmx.com\/nota\/reconoce-gobernador-triunfos-del-atleta-paralimpico-salvador-hernandez\/","title":{"rendered":"Reconoce Gobernador triunfos del atleta paral\u00edmpico Salvador Hern\u00e1ndez"},"content":{"rendered":"<p><img loading=\"lazy\" decoding=\"async\" src=\"https:\/\/radiowebmx.com\/nota\/wp-content\/uploads\/2016\/11\/b056cb6b-0d39-4274-9841-a8f95f9c3353.jpeg\" alt=\"b056cb6b-0d39-4274-9841-a8f95f9c3353\" width=\"709\" height=\"613\" class=\"alignleft size-full wp-image-27977\" srcset=\"https:\/\/radiowebmx.com\/nota\/wp-content\/uploads\/2016\/11\/b056cb6b-0d39-4274-9841-a8f95f9c3353.jpeg 709w, https:\/\/radiowebmx.com\/nota\/wp-content\/uploads\/2016\/11\/b056cb6b-0d39-4274-9841-a8f95f9c3353-300x259.jpeg 300w\" sizes=\"auto, (max-width: 709px) 100vw, 709px\" \/><\/p>\n<p>Morelia, Michoac\u00e1n, a 22 de noviembre de 2016.- El Gobernador Constitucional Silvano Aureoles Conejo, se reuni\u00f3 con el atleta paral\u00edmpico moreliano, Salvador Hern\u00e1ndez Mondrag\u00f3n, quien en los Juegos Paral\u00edmpicos de R\u00edo 2016 obtuvo el bronce en los 100 metros.<\/p>\n<p>El mandatario estatal reconoci\u00f3 sus logros y recalc\u00f3 que el deporte y la atenci\u00f3n a las personas con discapacidad, forman parte de su estrategia integral de gobierno, por lo que ha procurado escuchar todas las voces en este rubro y construir las acciones que permitan resolver sus demandas.<\/p>\n<p>Es importante destacar que Salvador Hern\u00e1ndez ha obtenido ocho medallas paral\u00edmpicas a lo largo de su carrera; adem\u00e1s, en el a\u00f1o 2002 fue merecedor del Premio Nacional del Deporte, y en 2013 obtuvo el Premio Estatal del Deporte junto con la futbolista Mar\u00eda Guadalupe Cruzaley Parra.<\/p>\n","protected":false},"excerpt":{"rendered":"<p>El Gobernador Constitucional Silvano Aureoles Conejo, se reuni\u00f3 con el atleta paral\u00edmpico moreliano, Salvador Hern\u00e1ndez Mondrag\u00f3n, quien en los Juegos Paral\u00edmpicos de R\u00edo 2016 obtuvo el bronce en los 100 metros.<\/p>\n","protected":false},"author":1,"featured_media":27977,"comment_status":"open","ping_status":"open","sticky":false,"template":"","format":"standard","meta":{"footnotes":""},"categories":[14,3],"tags":[],"class_list":["post-27976","post","type-post","status-publish","format-standard","has-post-thumbnail","hentry","category-destacadas","category-gobierno-del-estado-de-michoacan"],"_links":{"self":[{"href":"https:\/\/radiowebmx.com\/nota\/wp-json\/wp\/v2\/posts\/27976","targetHints":{"allow":["GET"]}}],"collection":[{"href":"https:\/\/radiowebmx.com\/nota\/wp-json\/wp\/v2\/posts"}],"about":[{"href":"https:\/\/radiowebmx.com\/nota\/wp-json\/wp\/v2\/types\/post"}],"author":[{"embeddable":true,"href":"https:\/\/radiowebmx.com\/nota\/wp-json\/wp\/v2\/users\/1"}],"replies":[{"embeddable":true,"href":"https:\/\/radiowebmx.com\/nota\/wp-json\/wp\/v2\/comments?post=27976"}],"version-history":[{"count":1,"href":"https:\/\/radiowebmx.com\/nota\/wp-json\/wp\/v2\/posts\/27976\/revisions"}],"predecessor-version":[{"id":27978,"href":"https:\/\/radiowebmx.com\/nota\/wp-json\/wp\/v2\/posts\/27976\/revisions\/27978"}],"wp:featuredmedia":[{"embeddable":true,"href":"https:\/\/radiowebmx.com\/nota\/wp-json\/wp\/v2\/media\/27977"}],"wp:attachment":[{"href":"https:\/\/radiowebmx.com\/nota\/wp-json\/wp\/v2\/media?parent=27976"}],"wp:term":[{"taxonomy":"category","embeddable":true,"href":"https:\/\/radiowebmx.com\/nota\/wp-json\/wp\/v2\/categories?post=27976"},{"taxonomy":"post_tag","embeddable":true,"href":"https:\/\/radiowebmx.com\/nota\/wp-json\/wp\/v2\/tags?post=27976"}],"curies":[{"name":"wp","href":"https:\/\/api.w.org\/{rel}","templated":true}]}}