{"id":27972,"date":"2016-11-23T11:41:13","date_gmt":"2016-11-23T17:41:13","guid":{"rendered":"https:\/\/radiowebmx.com\/nota\/?p=27972"},"modified":"2016-11-23T11:41:13","modified_gmt":"2016-11-23T17:41:13","slug":"una-cultura-de-paz-a-traves-del-deporte-wlm","status":"publish","type":"post","link":"https:\/\/radiowebmx.com\/nota\/una-cultura-de-paz-a-traves-del-deporte-wlm\/","title":{"rendered":"Una Cultura de Paz a traves del Deporte: WLM"},"content":{"rendered":"<p><img loading=\"lazy\" decoding=\"async\" src=\"https:\/\/radiowebmx.com\/nota\/wp-content\/uploads\/2016\/11\/15218635_10211303228276095_2124851531_n.jpg\" alt=\"15218635_10211303228276095_2124851531_n\" width=\"709\" height=\"472\" class=\"alignleft size-full wp-image-27973\" srcset=\"https:\/\/radiowebmx.com\/nota\/wp-content\/uploads\/2016\/11\/15218635_10211303228276095_2124851531_n.jpg 709w, https:\/\/radiowebmx.com\/nota\/wp-content\/uploads\/2016\/11\/15218635_10211303228276095_2124851531_n-300x200.jpg 300w\" sizes=\"auto, (max-width: 709px) 100vw, 709px\" \/><\/p>\n<p><img loading=\"lazy\" decoding=\"async\" src=\"https:\/\/radiowebmx.com\/nota\/wp-content\/uploads\/2016\/11\/15151216_10211303228436099_993416557_n.jpg\" alt=\"15151216_10211303228436099_993416557_n\" width=\"709\" height=\"472\" class=\"alignleft size-full wp-image-27974\" srcset=\"https:\/\/radiowebmx.com\/nota\/wp-content\/uploads\/2016\/11\/15151216_10211303228436099_993416557_n.jpg 709w, https:\/\/radiowebmx.com\/nota\/wp-content\/uploads\/2016\/11\/15151216_10211303228436099_993416557_n-300x200.jpg 300w\" sizes=\"auto, (max-width: 709px) 100vw, 709px\" \/><\/p>\n<p>Morelia, Mich., noviembre 22 de 2016.- Es a trav\u00e9s del deporte como se podr\u00e1 cimentar en Michoac\u00e1n la Cultura de la Paz y con pol\u00edticas transversales, la LXXIII Legislatura seguir\u00e1 promoviendo este formato encaminado a reconstruir el tejido social y prevenir el delito.<br \/>\nLo anterior se desprendi\u00f3 de una reuni\u00f3n de trabajo entre los diputados presidente e integrante de la Comisi\u00f3n de J\u00f3venes y Deporte de la LXXIII Legislatura, Daniel Moncada y Wilfrido L\u00e1zaro Medina respectivamente con Entrenadores Deportivos quienes destacaron su inter\u00e9s por hacer efectivas pol\u00edticas transversales porque se\u00f1alaron que, \u201cen el deporte, se deben involucrar todos los sectores de la sociedad\u201d.<br \/>\nAl respecto, el legislador L\u00e1zaro Medina, reconoci\u00f3 que los Entrenadores Deportivos, son la espina dorsal de esta actividad por ser los pedagogos que dirigen los procesos de preparaci\u00f3n y competencias de los deportistas al estructurar su proyecci\u00f3n comunicativa y organizativa y con dignidad, representan el deporte michoacano, \u201ddebemos seguirlos apoyando\u201d dijo.<br \/>\nAsimismo reflexion\u00f3 sobre la cultura de la paz en el marco deportivo y se\u00f1al\u00f3 que es desde los hogares donde se genera y m\u00e1s tarde se refuerza en la escuela pero, \u201csomos los padres de familia los que podemos construir los cimientos que m\u00e1s tarde dar\u00e1n frutos con buenos h\u00e1bitos y con la transversalidad de pol\u00edticas entre los niveles de gobierno, el legislativo y el sector educativo, habremos de proporcionar las herramientas necesarias para lograr resultados\u201d, dijo. Y abund\u00f3 en el mismo, \u201cdebemos sumarnos y trabajar en conjunto en una cultura de paz a trav\u00e9s del deporte, y que nuestros un j\u00f3venes deportistas ampl\u00eden sus horizontes, que tengan mayores oportunidades y sobre todo apoyo para escalar posiciones y llegar a competencias de nivel internacional\u201d.<br \/>\nFinalmente coment\u00f3 que seguir\u00e1 impulsando la cultura de la paz a trav\u00e9s del deporte y sumar\u00e1 esfuerzos con los Entrenadores Deportivos para hacer un solo frente en la lucha por prevenir el delito y reconstruir el tejido social.<\/p>\n","protected":false},"excerpt":{"rendered":"<p>Es a trav\u00e9s del deporte como se podr\u00e1 cimentar en Michoac\u00e1n la Cultura de la Paz y con pol\u00edticas transversales, la LXXIII Legislatura seguir\u00e1 promoviendo este formato encaminado a reconstruir el tejido social y prevenir el delito<\/p>\n","protected":false},"author":1,"featured_media":27973,"comment_status":"open","ping_status":"open","sticky":false,"template":"","format":"standard","meta":{"footnotes":""},"categories":[6,14,7],"tags":[],"class_list":["post-27972","post","type-post","status-publish","format-standard","has-post-thumbnail","hentry","category-congreso-del-estado","category-destacadas","category-grupo-parlamentario-del-pri"],"_links":{"self":[{"href":"https:\/\/radiowebmx.com\/nota\/wp-json\/wp\/v2\/posts\/27972","targetHints":{"allow":["GET"]}}],"collection":[{"href":"https:\/\/radiowebmx.com\/nota\/wp-json\/wp\/v2\/posts"}],"about":[{"href":"https:\/\/radiowebmx.com\/nota\/wp-json\/wp\/v2\/types\/post"}],"author":[{"embeddable":true,"href":"https:\/\/radiowebmx.com\/nota\/wp-json\/wp\/v2\/users\/1"}],"replies":[{"embeddable":true,"href":"https:\/\/radiowebmx.com\/nota\/wp-json\/wp\/v2\/comments?post=27972"}],"version-history":[{"count":1,"href":"https:\/\/radiowebmx.com\/nota\/wp-json\/wp\/v2\/posts\/27972\/revisions"}],"predecessor-version":[{"id":27975,"href":"https:\/\/radiowebmx.com\/nota\/wp-json\/wp\/v2\/posts\/27972\/revisions\/27975"}],"wp:featuredmedia":[{"embeddable":true,"href":"https:\/\/radiowebmx.com\/nota\/wp-json\/wp\/v2\/media\/27973"}],"wp:attachment":[{"href":"https:\/\/radiowebmx.com\/nota\/wp-json\/wp\/v2\/media?parent=27972"}],"wp:term":[{"taxonomy":"category","embeddable":true,"href":"https:\/\/radiowebmx.com\/nota\/wp-json\/wp\/v2\/categories?post=27972"},{"taxonomy":"post_tag","embeddable":true,"href":"https:\/\/radiowebmx.com\/nota\/wp-json\/wp\/v2\/tags?post=27972"}],"curies":[{"name":"wp","href":"https:\/\/api.w.org\/{rel}","templated":true}]}}