{"id":27969,"date":"2016-11-23T11:34:25","date_gmt":"2016-11-23T17:34:25","guid":{"rendered":"https:\/\/radiowebmx.com\/nota\/?p=27969"},"modified":"2016-11-23T11:34:25","modified_gmt":"2016-11-23T17:34:25","slug":"ayuntamiento-de-morelia-se-une-a-la-carrera-atletica-teleton-light-run","status":"publish","type":"post","link":"https:\/\/radiowebmx.com\/nota\/ayuntamiento-de-morelia-se-une-a-la-carrera-atletica-teleton-light-run\/","title":{"rendered":"Ayuntamiento de Morelia, se une a la Carrera Atl\u00e9tica Telet\u00f3n \u201cLight Run\u201d"},"content":{"rendered":"<p><img loading=\"lazy\" decoding=\"async\" src=\"https:\/\/radiowebmx.com\/nota\/wp-content\/uploads\/2016\/11\/ad9cc5e6-1906-47c5-913b-70ac2497a26f.jpg\" alt=\"ad9cc5e6-1906-47c5-913b-70ac2497a26f\" width=\"709\" height=\"521\" class=\"alignleft size-full wp-image-27970\" srcset=\"https:\/\/radiowebmx.com\/nota\/wp-content\/uploads\/2016\/11\/ad9cc5e6-1906-47c5-913b-70ac2497a26f.jpg 709w, https:\/\/radiowebmx.com\/nota\/wp-content\/uploads\/2016\/11\/ad9cc5e6-1906-47c5-913b-70ac2497a26f-300x220.jpg 300w\" sizes=\"auto, (max-width: 709px) 100vw, 709px\" \/><\/p>\n<p>Con la finalidad de recaudar recursos para colaborar con el tratamiento de rehabilitaci\u00f3n de ni\u00f1os, el Ayuntamiento de Morelia, se une a la Carrera Atl\u00e9tica \u201cLight Run\u201d, promovida por la Fundaci\u00f3n Telet\u00f3n, de 5 kil\u00f3metros, la cual tendr\u00e1 lugar la noche del s\u00e1bado 3 de diciembre en el Primer Cuadro de la ciudad, con una participaci\u00f3n estimada de mil corredores.<\/p>\n<p>A lo largo de su Administraci\u00f3n, el Gobierno Municipal Independiente, encabezado por el Alcalde, Alfonso Mart\u00ednez Alc\u00e1zar, se ha comprometido por contar con un Morelia incluyente en sus diferentes aristas, tal es el caso del deporte, por lo que respalda la realizaci\u00f3n de la justa atl\u00e9tica, a trav\u00e9s del Instituto Municipal de Cultura F\u00edsica y Deporte (IMDE), al reconocer al Centro de Rehabilitaci\u00f3n de Inclusi\u00f3n Infantil (CRIT) Telet\u00f3n, como uno de los pilares para mejorar las condiciones de vida de las personas con discapacidad.<\/p>\n<p>El CRIT Michoac\u00e1n, que entr\u00f3 en funciones en el a\u00f1o 2014, cuenta con la capacidad para atender de forma anual a m\u00e1s de mil 300 ni\u00f1os, tanto de Morelia, como el resto de la geograf\u00eda estatal e incluso a entidades vecinas como Guanajuato y el Estado de M\u00e9xico, raz\u00f3n por la cual, por medio de la carrera, se tiene el objetivo de reunir alrededor de 200 mil pesos, mismos que ser\u00e1n aplicados de forma directa para diversos tratamientos, como cirug\u00edas, que en la actualidad tienen un costo promedio de 15 mil pesos, aunque en ocasiones llega a superar hasta los 70 mil.<\/p>\n<p>En el anuncio de la justa recreativa se dieron cita: Gustavo Ju\u00e1rez Bedolla, Director General del IMDE; adem\u00e1s de Luis Amparano Zatarain, Director General del CRIT Michoac\u00e1n, entre algunas personalidades m\u00e1s.<\/p>\n<p>\u201cApoyar una causa tan noble es importante para nosotros, ya que una de las instrucciones de nuestro Alcalde, Alfonso Mart\u00ednez Alc\u00e1zar, ha sido brindar todo el respaldo a eventos que adem\u00e1s de impulsar el deporte, promuevan una causa social\u201d, extern\u00f3 el Director General del IMDE, Gustavo Ju\u00e1rez Bedolla.<\/p>\n<p>\u201cEsta carrera es de suma importancia para nosotros, ya que con la recaudaci\u00f3n queremos apoyar diversas cirug\u00edas y tratamientos de rehabilitaci\u00f3n, que mejoren las condiciones de vida de las personas que acuden a nosotros, adem\u00e1s de tambi\u00e9n acortar la lista de espera para el ingreso al centro, la cual asciende a mil 800 solicitudes\u201d, detall\u00f3 el titular del CRIT Michoac\u00e1n, Luis Amparano Zatarain.<\/p>\n<p>\u201cLight Run\u201d, camina trota o corre, tendr\u00e1 verificativo el s\u00e1bado 3 de diciembre en punto de las 19:00 horas, con un cupo para hasta mil personas, con la posibilidad de ampliar el n\u00famero de asistencia.<\/p>\n<p>El recorrido ser\u00e1 el cl\u00e1sico en la capital moreliana, es decir, el punto de inicio ser\u00e1 frente a la Catedral, para seguir por la Avenida Madero, continuar por Acueducto y al llegar a las inmediaciones del Centro Deportivo Ej\u00e9rcito de la Revoluci\u00f3n, retornar al primer cuadro de la ciudad.<\/p>\n<p>Al ser un evento de car\u00e1cter recreativo, se contar\u00e1 con una categor\u00eda Libre \u00fanica, para ambas ramas, adem\u00e1s de que la premiaci\u00f3n consistir\u00e1 en medallas para los primeros tres lugares de cada una.<\/p>\n<p>El donativo para poder participar en la carrera ser\u00e1 de 150 pesos para ni\u00f1os de hasta 14 a\u00f1os, mientras que los dem\u00e1s participantes cubrir\u00e1n una cuota de 250 pesos y estas se pueden realizar en las instalaciones del CRIT, adem\u00e1s del Sanatorio La Luz.<\/p>\n","protected":false},"excerpt":{"rendered":"<p>Con la finalidad de recaudar recursos para colaborar con el tratamiento de rehabilitaci\u00f3n de ni\u00f1os, el Ayuntamiento de Morelia, se une a la Carrera Atl\u00e9tica \u201cLight Run\u201d, promovida por la Fundaci\u00f3n Telet\u00f3n, de 5 kil\u00f3metros, la cual tendr\u00e1 lugar la noche del s\u00e1bado 3 de diciembre en el Primer Cuadro de la ciudad, con una participaci\u00f3n estimada de mil corredores.<\/p>\n","protected":false},"author":1,"featured_media":27970,"comment_status":"open","ping_status":"open","sticky":false,"template":"","format":"standard","meta":{"footnotes":""},"categories":[14,9],"tags":[],"class_list":["post-27969","post","type-post","status-publish","format-standard","has-post-thumbnail","hentry","category-destacadas","category-morelia"],"_links":{"self":[{"href":"https:\/\/radiowebmx.com\/nota\/wp-json\/wp\/v2\/posts\/27969","targetHints":{"allow":["GET"]}}],"collection":[{"href":"https:\/\/radiowebmx.com\/nota\/wp-json\/wp\/v2\/posts"}],"about":[{"href":"https:\/\/radiowebmx.com\/nota\/wp-json\/wp\/v2\/types\/post"}],"author":[{"embeddable":true,"href":"https:\/\/radiowebmx.com\/nota\/wp-json\/wp\/v2\/users\/1"}],"replies":[{"embeddable":true,"href":"https:\/\/radiowebmx.com\/nota\/wp-json\/wp\/v2\/comments?post=27969"}],"version-history":[{"count":1,"href":"https:\/\/radiowebmx.com\/nota\/wp-json\/wp\/v2\/posts\/27969\/revisions"}],"predecessor-version":[{"id":27971,"href":"https:\/\/radiowebmx.com\/nota\/wp-json\/wp\/v2\/posts\/27969\/revisions\/27971"}],"wp:featuredmedia":[{"embeddable":true,"href":"https:\/\/radiowebmx.com\/nota\/wp-json\/wp\/v2\/media\/27970"}],"wp:attachment":[{"href":"https:\/\/radiowebmx.com\/nota\/wp-json\/wp\/v2\/media?parent=27969"}],"wp:term":[{"taxonomy":"category","embeddable":true,"href":"https:\/\/radiowebmx.com\/nota\/wp-json\/wp\/v2\/categories?post=27969"},{"taxonomy":"post_tag","embeddable":true,"href":"https:\/\/radiowebmx.com\/nota\/wp-json\/wp\/v2\/tags?post=27969"}],"curies":[{"name":"wp","href":"https:\/\/api.w.org\/{rel}","templated":true}]}}