{"id":27944,"date":"2016-11-22T12:21:43","date_gmt":"2016-11-22T18:21:43","guid":{"rendered":"https:\/\/radiowebmx.com\/nota\/?p=27944"},"modified":"2016-11-22T12:21:43","modified_gmt":"2016-11-22T18:21:43","slug":"se-lleva-a-cabo-la-reunion-integral-para-la-atencion-de-los-municipios-en-tarimbaro","status":"publish","type":"post","link":"https:\/\/radiowebmx.com\/nota\/se-lleva-a-cabo-la-reunion-integral-para-la-atencion-de-los-municipios-en-tarimbaro\/","title":{"rendered":"Se lleva a cabo la Reuni\u00f3n Integral para la Atenci\u00f3n de los Municipios en Tar\u00edmbaro"},"content":{"rendered":"<p><img loading=\"lazy\" decoding=\"async\" src=\"https:\/\/radiowebmx.com\/nota\/wp-content\/uploads\/2016\/11\/15146849_1500147323336005_1076909447_o.jpg\" alt=\"15146849_1500147323336005_1076909447_o\" width=\"709\" height=\"531\" class=\"alignleft size-full wp-image-27945\" srcset=\"https:\/\/radiowebmx.com\/nota\/wp-content\/uploads\/2016\/11\/15146849_1500147323336005_1076909447_o.jpg 709w, https:\/\/radiowebmx.com\/nota\/wp-content\/uploads\/2016\/11\/15146849_1500147323336005_1076909447_o-300x225.jpg 300w\" sizes=\"auto, (max-width: 709px) 100vw, 709px\" \/><\/p>\n<p>Tar\u00edmbaro Michoac\u00e1n a 17 de Noviembre del 2016. Con una calurosa bienvenida, el Presidente Municipal Lic. Baltazar Gaona S\u00e1nchez, dio inicio a la reuni\u00f3n integral para la atenci\u00f3n de los municipios, conformada entre el municipio de Tar\u00edmbaro y el gabinete legal y ampliado del gobierno estatal. El Lic. Carlos Paredes titular de CEDEMUN, mencion\u00f3 &#8220;es un honor poder compartir est\u00e1 iniciativa del gobernador del estado, que en conjunto con el Lic. Baltazar Gaona, quien tiene toda la experiencia de su lado y en conjunto podemos establecer, los mecanismos que puedan impulsar a la ciudadan\u00eda municipal&#8221;, el presidente manifest\u00f3: &#8220;es a trav\u00e9s del di\u00e1logo como podemos ayudar y crecer como poblaci\u00f3n, por tal motivo, agradezco su disposici\u00f3n para entablar un di\u00e1logo profundo y determinante, pero tambi\u00e9n es preciso ser duros, directos y congruentes con el di\u00e1logo, de lo contrario, no servir\u00e1&#8221; acto seguido el secretario municipal Ing. Amado Hernandez esclarecio &#8220;el INEGI nos marca una diferencia abismal entre la realidad y la que se manifiesta, es incre\u00edble como Zinapecuaro tiene menos poblaci\u00f3n y ejercen un presupuesto similar o el caso de Sahuayo que tiene una poblaci\u00f3n similar, ejerce un presupuesto de 150 millones por encima nuestro, es s\u00f3lo para poner un ejemplo de la desigualdad que nos impide crecer en todas las \u00e1reas&#8221;. Para encausar temas directamente relacionadas a las diferentes \u00e1reas gubernamentales, el presidente municipal reconoci\u00f3: &#8220;nos sentimos abandonados en muchos aspectos pero deseo enfatizar el aspecto educativo, es incre\u00edble que estemos en el tercer milenio y sigamos teniendo escuelas de palitos&#8221; palabras duras pero llenas de raz\u00f3n que exponen la realidad del municipio y el abandono por parte del gobierno estatal; en el mismo tenor, se expres\u00f3 para los temas de infraestructura carretera, salud, y, con un principal \u00e9nfasis en Seguridad P\u00fablica. El Lic. Carlos Paredes mencion\u00f3 &#8220;El di\u00e1logo con usted (Presidente) es muy importante para el gobernador, que es municipalista y que a trav\u00e9s de las diferentes dependencias se deben encausar las necesidades que se tienen, pero tambi\u00e9n es importante entender que la capacidad humana y econ\u00f3mica es limitada por lo que la respuesta puede darse en un tiempo no tan inmediato&#8221;.  La regidora Celeste Garc\u00eda Alfaro enfatiz\u00f3 lo que la oportuna gesti\u00f3n a logrado consolidar y mencion\u00f3 los acuerdos alcanzados &#8220;se han conseguido $10,000,000 en SEDETUM; obras est\u00e1 por ingresar la documentaci\u00f3n correspondiente para realizar el proyecto carretero en el tramo que comprende Lometon a Santana del Arco; a la par el instituto de la vivienda y Seimujer que ofrecieron 100 viviendas, resultando beneficiada la comunidad de Uruetaro, que en promedio beneficiar\u00e1 con 60 viviendas al municipio anualmente; por su parte la secretaria de turismo ofreci\u00f3 apoyo para la &#8220;Feria del Pulque&#8221; ya sea econ\u00f3mico, con publicidad, difusi\u00f3n y verificar con SEDECO para que el pr\u00f3ximo a\u00f1o tome en cuenta \u00e9ste evento en su presupuesto; el instituto de infraestructura del estado se logr\u00f3 que un promedio de 20 escuelas inicien mejoras dentro de sus respectivos planteles; ICATMI iniciar\u00e1 talleres en favor de los habitantes municipales; mientras que COCOTRA ayudar\u00e1 con la regulaci\u00f3n del transporte p\u00fablico municipal, en cuanto a la ampliaci\u00f3n y manejo de rutas y concesiones municipales; la secretaria de la mujer incluir\u00e1 en sus programas al municipio; con $1,130,000 por parte de SEDRU para los seguros agr\u00edcolas, 1,100 litros de fertilizante agr\u00edcola, 500 sacos de semilla de ma\u00edz, igualmente de trigo; la secretaria de seguridad p\u00fablica estatal se comprometi\u00f3 a dar seguimiento para la entrega de 2 patrullas, 5 motocicletas y el equipamiento de la comandancia de la zona urbana&#8221;. La reuni\u00f3n contribuir\u00e1 en la relaci\u00f3n por lo que el presidente municipal expres\u00f3 &#8220;es una pena no contar con la presencia de seguridad p\u00fablica estatal, ya que se tienen que tratar diversos temas concernientes a \u00e9sa \u00e1rea&#8221; agreg\u00f3 &#8220;es importante llevar a la acci\u00f3n los diversos temas que demanda el municipio y que son de primera necesidad para la poblaci\u00f3n&#8221;.<\/p>\n<p><img loading=\"lazy\" decoding=\"async\" src=\"https:\/\/radiowebmx.com\/nota\/wp-content\/uploads\/2016\/11\/15127484_1500148320002572_1816311205_o.jpg\" alt=\"15127484_1500148320002572_1816311205_o\" width=\"709\" height=\"946\" class=\"alignleft size-full wp-image-27946\" srcset=\"https:\/\/radiowebmx.com\/nota\/wp-content\/uploads\/2016\/11\/15127484_1500148320002572_1816311205_o.jpg 709w, https:\/\/radiowebmx.com\/nota\/wp-content\/uploads\/2016\/11\/15127484_1500148320002572_1816311205_o-225x300.jpg 225w\" sizes=\"auto, (max-width: 709px) 100vw, 709px\" \/><\/p>\n<p><img loading=\"lazy\" decoding=\"async\" src=\"https:\/\/radiowebmx.com\/nota\/wp-content\/uploads\/2016\/11\/15128680_1500146823336055_512047312_n.jpg\" alt=\"15128680_1500146823336055_512047312_n\" width=\"709\" height=\"531\" class=\"alignleft size-full wp-image-27947\" srcset=\"https:\/\/radiowebmx.com\/nota\/wp-content\/uploads\/2016\/11\/15128680_1500146823336055_512047312_n.jpg 709w, https:\/\/radiowebmx.com\/nota\/wp-content\/uploads\/2016\/11\/15128680_1500146823336055_512047312_n-300x225.jpg 300w\" sizes=\"auto, (max-width: 709px) 100vw, 709px\" \/><\/p>\n","protected":false},"excerpt":{"rendered":"<p>Con una calurosa bienvenida, el Presidente Municipal Lic. Baltazar Gaona S\u00e1nchez, dio inicio a la reuni\u00f3n integral para la atenci\u00f3n de los municipios, conformada entre el municipio de Tar\u00edmbaro y el gabinete legal y ampliado del gobierno estatal.<\/p>\n","protected":false},"author":1,"featured_media":27945,"comment_status":"open","ping_status":"open","sticky":false,"template":"","format":"standard","meta":{"footnotes":""},"categories":[14,22],"tags":[],"class_list":["post-27944","post","type-post","status-publish","format-standard","has-post-thumbnail","hentry","category-destacadas","category-tarimbaro"],"_links":{"self":[{"href":"https:\/\/radiowebmx.com\/nota\/wp-json\/wp\/v2\/posts\/27944","targetHints":{"allow":["GET"]}}],"collection":[{"href":"https:\/\/radiowebmx.com\/nota\/wp-json\/wp\/v2\/posts"}],"about":[{"href":"https:\/\/radiowebmx.com\/nota\/wp-json\/wp\/v2\/types\/post"}],"author":[{"embeddable":true,"href":"https:\/\/radiowebmx.com\/nota\/wp-json\/wp\/v2\/users\/1"}],"replies":[{"embeddable":true,"href":"https:\/\/radiowebmx.com\/nota\/wp-json\/wp\/v2\/comments?post=27944"}],"version-history":[{"count":1,"href":"https:\/\/radiowebmx.com\/nota\/wp-json\/wp\/v2\/posts\/27944\/revisions"}],"predecessor-version":[{"id":27948,"href":"https:\/\/radiowebmx.com\/nota\/wp-json\/wp\/v2\/posts\/27944\/revisions\/27948"}],"wp:featuredmedia":[{"embeddable":true,"href":"https:\/\/radiowebmx.com\/nota\/wp-json\/wp\/v2\/media\/27945"}],"wp:attachment":[{"href":"https:\/\/radiowebmx.com\/nota\/wp-json\/wp\/v2\/media?parent=27944"}],"wp:term":[{"taxonomy":"category","embeddable":true,"href":"https:\/\/radiowebmx.com\/nota\/wp-json\/wp\/v2\/categories?post=27944"},{"taxonomy":"post_tag","embeddable":true,"href":"https:\/\/radiowebmx.com\/nota\/wp-json\/wp\/v2\/tags?post=27944"}],"curies":[{"name":"wp","href":"https:\/\/api.w.org\/{rel}","templated":true}]}}