{"id":27934,"date":"2016-11-22T11:50:32","date_gmt":"2016-11-22T17:50:32","guid":{"rendered":"https:\/\/radiowebmx.com\/nota\/?p=27934"},"modified":"2016-11-22T11:50:32","modified_gmt":"2016-11-22T17:50:32","slug":"ayuntamiento-de-morelia-reforzara-acciones-de-salud","status":"publish","type":"post","link":"https:\/\/radiowebmx.com\/nota\/ayuntamiento-de-morelia-reforzara-acciones-de-salud\/","title":{"rendered":"Ayuntamiento de  Morelia reforzar\u00e1 acciones de salud"},"content":{"rendered":"<p><img loading=\"lazy\" decoding=\"async\" src=\"https:\/\/radiowebmx.com\/nota\/wp-content\/uploads\/2016\/11\/83205877-17ce-4116-81d9-df262b7a3f0c-1.jpg\" alt=\"83205877-17ce-4116-81d9-df262b7a3f0c\" width=\"709\" height=\"470\" class=\"alignleft size-full wp-image-27936\" srcset=\"https:\/\/radiowebmx.com\/nota\/wp-content\/uploads\/2016\/11\/83205877-17ce-4116-81d9-df262b7a3f0c-1.jpg 709w, https:\/\/radiowebmx.com\/nota\/wp-content\/uploads\/2016\/11\/83205877-17ce-4116-81d9-df262b7a3f0c-1-300x199.jpg 300w\" sizes=\"auto, (max-width: 709px) 100vw, 709px\" \/><\/p>\n<p>Con el prop\u00f3sito de mejorar las acciones enfocadas al tema de salud en Morelia,  el Ayuntamiento, a trav\u00e9s de la Comisi\u00f3n de Salud y Asistencia Social que coordina la Regidora, Adela Alejandre Flores, sostuvo una reuni\u00f3n con el Director de la dependencia municipal encargada de esta \u00e1rea, Jos\u00e9 Murgu\u00eda Maga\u00f1a.<\/p>\n<p>Alejandre Flores, Murg\u00eda Maga\u00f1a  y el Regidor integrante de esta \u00e1rea de Cabildo, Salvador Arvizu Cisneros, se reunieron con el Presidente de la Sociedad Michoacana  de Medicina de Urgencias y Emergencias, Santos Ram\u00edrez  para conocer la propuesta para atender la salud de los morelianos ante los factores de riesgo cardiovascular existentes en la poblaci\u00f3n, como pueden ser: edad (mayores de 50 a\u00f1os), obesidad, tabaquismo, diabetes mellitus, hipertensi\u00f3n arterial, sistem\u00e1tica, dislipdemias, gen\u00e9tica, sedentarismo y factores diet\u00e9ticos.<\/p>\n<p>Y es que con datos proporcionados por la Cruz Roja en su Delegaci\u00f3n en Morelia, de Enero al 31 de Octubre del presente 2016 se atendi\u00f3 a 3 mil 937 personas que corresponden a la ciudadan\u00eda que presentaba alg\u00fan problema cardiovascular.<\/p>\n<p>En este sentido la coordinadora de la  Comisi\u00f3n de Salud y Asistencia Social,  afirm\u00f3 que a la par de las acciones que se realizan desde las diferentes dependencias municipales de la Administraci\u00f3n Municipal que encabeza el Alcalde, Alfonso Mart\u00ednez Alc\u00e1zar, se fortalecer\u00e1n los trabajos en el tema de atenci\u00f3n a las dificultades cardiovasculares que podr\u00eda presentar un ciudadano.<\/p>\n<p>Lo anterior mediante un punto de acuerdo a presentar ante el Cabildo para formalizar un programa de capacitaci\u00f3n denominado \u201cMorelia Cardioseguro\u201d para todo el municipio, que abarque el Centro Hist\u00f3rico, sitios de concentraci\u00f3n social, eventos especiales, oficinas de Gobierno, centros de trabajo, entre otros.<\/p>\n<p>Asimismo, Adela Alejandre destac\u00f3 que se debe generar la educaci\u00f3n en la salud para todos los empleados del Ayuntamiento  y conocer desde primeros auxilios hasta qu\u00e9 hacer en caso de un paro cardiaco. <\/p>\n<p>Por su parte, el Regidor, Salvador Arvizu se manifest\u00f3 a favor de generar una pol\u00edtica de salud m\u00e1s ambiciosa en la ciudad que sea en beneficio cada vez de m\u00e1s habitantes, lo cual fue secundado por el Director de Salud Municipal, Jos\u00e9 Murgu\u00eda, al expresar la necesidad de formar un nuevo proyecto  para Morelia en materia de salud y prevenci\u00f3n.<\/p>\n<p>Cabe mencionar que actualmente el Ayuntamiento de Morelia tiene programas de prevenci\u00f3n con actividades de activaci\u00f3n f\u00edsica del Instituto Municipal de Cultura F\u00edsica y Deporte (IMDE)  y  atenci\u00f3n m\u00e9dica mediante las cl\u00ednicas municipales.<\/p>\n","protected":false},"excerpt":{"rendered":"<p>Con el prop\u00f3sito de mejorar las acciones enfocadas al tema de salud en Morelia,  el Ayuntamiento, a trav\u00e9s de la Comisi\u00f3n de Salud y Asistencia Social que coordina la Regidora, Adela Alejandre Flores, sostuvo una reuni\u00f3n con el Director de la dependencia municipal encargada de esta \u00e1rea, Jos\u00e9 Murgu\u00eda Maga\u00f1a.<\/p>\n","protected":false},"author":1,"featured_media":27935,"comment_status":"open","ping_status":"open","sticky":false,"template":"","format":"standard","meta":{"footnotes":""},"categories":[14,9],"tags":[],"class_list":["post-27934","post","type-post","status-publish","format-standard","has-post-thumbnail","hentry","category-destacadas","category-morelia"],"_links":{"self":[{"href":"https:\/\/radiowebmx.com\/nota\/wp-json\/wp\/v2\/posts\/27934","targetHints":{"allow":["GET"]}}],"collection":[{"href":"https:\/\/radiowebmx.com\/nota\/wp-json\/wp\/v2\/posts"}],"about":[{"href":"https:\/\/radiowebmx.com\/nota\/wp-json\/wp\/v2\/types\/post"}],"author":[{"embeddable":true,"href":"https:\/\/radiowebmx.com\/nota\/wp-json\/wp\/v2\/users\/1"}],"replies":[{"embeddable":true,"href":"https:\/\/radiowebmx.com\/nota\/wp-json\/wp\/v2\/comments?post=27934"}],"version-history":[{"count":1,"href":"https:\/\/radiowebmx.com\/nota\/wp-json\/wp\/v2\/posts\/27934\/revisions"}],"predecessor-version":[{"id":27937,"href":"https:\/\/radiowebmx.com\/nota\/wp-json\/wp\/v2\/posts\/27934\/revisions\/27937"}],"wp:featuredmedia":[{"embeddable":true,"href":"https:\/\/radiowebmx.com\/nota\/wp-json\/wp\/v2\/media\/27935"}],"wp:attachment":[{"href":"https:\/\/radiowebmx.com\/nota\/wp-json\/wp\/v2\/media?parent=27934"}],"wp:term":[{"taxonomy":"category","embeddable":true,"href":"https:\/\/radiowebmx.com\/nota\/wp-json\/wp\/v2\/categories?post=27934"},{"taxonomy":"post_tag","embeddable":true,"href":"https:\/\/radiowebmx.com\/nota\/wp-json\/wp\/v2\/tags?post=27934"}],"curies":[{"name":"wp","href":"https:\/\/api.w.org\/{rel}","templated":true}]}}