{"id":27930,"date":"2016-11-22T11:47:18","date_gmt":"2016-11-22T17:47:18","guid":{"rendered":"https:\/\/radiowebmx.com\/nota\/?p=27930"},"modified":"2016-11-22T11:48:19","modified_gmt":"2016-11-22T17:48:19","slug":"gobierno-municipal-da-mantenimiento-vial-a-mas-de-17-colonias-durante-la-ultima-semana","status":"publish","type":"post","link":"https:\/\/radiowebmx.com\/nota\/gobierno-municipal-da-mantenimiento-vial-a-mas-de-17-colonias-durante-la-ultima-semana\/","title":{"rendered":"Gobierno Municipal da mantenimiento vial a m\u00e1s de 17 colonias durante la \u00faltima semana"},"content":{"rendered":"<p><img loading=\"lazy\" decoding=\"async\" src=\"https:\/\/radiowebmx.com\/nota\/wp-content\/uploads\/2016\/11\/fba7f5ab-8f02-4de7-8fdd-5ee10f434769.jpg\" alt=\"fba7f5ab-8f02-4de7-8fdd-5ee10f434769\" width=\"709\" height=\"398\" class=\"alignleft size-full wp-image-27931\" srcset=\"https:\/\/radiowebmx.com\/nota\/wp-content\/uploads\/2016\/11\/fba7f5ab-8f02-4de7-8fdd-5ee10f434769.jpg 709w, https:\/\/radiowebmx.com\/nota\/wp-content\/uploads\/2016\/11\/fba7f5ab-8f02-4de7-8fdd-5ee10f434769-300x168.jpg 300w, https:\/\/radiowebmx.com\/nota\/wp-content\/uploads\/2016\/11\/fba7f5ab-8f02-4de7-8fdd-5ee10f434769-284x158.jpg 284w, https:\/\/radiowebmx.com\/nota\/wp-content\/uploads\/2016\/11\/fba7f5ab-8f02-4de7-8fdd-5ee10f434769-128x72.jpg 128w\" sizes=\"auto, (max-width: 709px) 100vw, 709px\" \/><\/p>\n<p>Atendiendo la instrucci\u00f3n del Presidente Municipal, Alfonso Mart\u00ednez Alc\u00e1zar, la Secretar\u00eda de Desarrollo Metropolitano e Infraestructura contin\u00faa con los trabajos de bacheo en los cuatro sectores de la ciudad, esto como parte de la segunda etapa del programa de Mejoramiento Vial, en el cual se ha invertido una cantidad hist\u00f3rica de recursos.<\/p>\n<p>El titular de esta \u00e1rea, Juan Fernando Sosa Tapia, inform\u00f3 que durante la semana del 14 al 18 de noviembre del a\u00f1o en curso, se trabaj\u00f3 en m\u00e1s de 17 colonias con las brigadas de bacheo recorriendo 34 calles, avenidas y caminos a tenencias de la capital del estado. <\/p>\n<p>Indic\u00f3 que a pesar de las inclemencias del tiempo que se han presentado en los \u00faltimos d\u00edas, se ha buscado la manera de que los trabajos contin\u00faen con el objetivo de que los ciudadanos puedan transitar en calles de una forma segura y tranquila. <\/p>\n<p>Bajo este esquema, mencion\u00f3 que del sector Independencia se atendieron la colonia de Lomas del Valle en las calles: Loma del Rey y Lomas Feliz, as\u00ed como en el camino a At\u00e9cuaro, en el acceso a la tenencia de Tiripet\u00edo y la calle Benito Ju\u00e1rez, en la Avenida San Jos\u00e9 del Cerrito y la antigua carretera a P\u00e1tzcuaro.  <\/p>\n<p>Mientras que del sector Nueva Espa\u00f1a las brigadas realizaron lo propio en la colonia Ventura Puente espec\u00edficamente en las calles de Laguna de Guzm\u00e1n y Laguna de Parras; en Paseo de las Lomas calle Homero; en la Chapultepec Oriente en Manuel Balbolt\u00edn; F\u00e9lix Ireta calles Rey de Caltzontzin, Rey Tari\u00e1curi, Irititicateme y Morelos Sur; mientras que en Lomas de Guayangareo se arreglaron la calle Perib\u00e1n, de igual forma se hizo lo propio en Ampliaci\u00f3n Acueducto lado Sur y Norte y la Avenida del Estudiante. <\/p>\n<p>Respecto al Sector Rep\u00fablica en la colonia Eduardo Ru\u00edz las brigadas de bacheo estuvieron presentes en las calles de Parque Nacional de Uruapan, Manuel Fernando Sota y Capit\u00e1n Carlos Rovirosa; en la colonia Prados Verdes en las vialidades de Paseo del Nogal y Paseo de Oyamel; en la colonia Jos\u00e9 Ma. Cabrera calle Constituyentes de 1824; Fraccionamiento Mirador del Quinceo calle Secretario de Estado y en el centro la calle Ignacio Zaragoza.<\/p>\n<p>Finalmente en el sector Revoluci\u00f3n se trabaj\u00f3 en la calle Avenida R\u00edo Grande lado Norte, Avenida Morelos Norte, en el Fraccionamiento Santa Fe calle Cueramo y en Lomas de Santiguito la calle Heber Soto Fierro. <\/p>\n<p>Con estas acciones el Alcalde, Alfonso Mart\u00ednez reafirma su compromiso con la ciudadan\u00eda de seguir invirtiendo recursos p\u00fablicos para el mantenimiento de las calles y avenidas de la ciudad.<\/p>\n","protected":false},"excerpt":{"rendered":"<p>Atendiendo la instrucci\u00f3n del Presidente Municipal, Alfonso Mart\u00ednez Alc\u00e1zar, la Secretar\u00eda de Desarrollo Metropolitano e Infraestructura contin\u00faa con los trabajos de bacheo en los cuatro sectores de la ciudad, esto como parte de la segunda etapa del programa de Mejoramiento Vial, en el cual se ha invertido una cantidad hist\u00f3rica de recursos.<\/p>\n","protected":false},"author":1,"featured_media":27931,"comment_status":"open","ping_status":"open","sticky":false,"template":"","format":"standard","meta":{"footnotes":""},"categories":[14,9],"tags":[],"class_list":["post-27930","post","type-post","status-publish","format-standard","has-post-thumbnail","hentry","category-destacadas","category-morelia"],"_links":{"self":[{"href":"https:\/\/radiowebmx.com\/nota\/wp-json\/wp\/v2\/posts\/27930","targetHints":{"allow":["GET"]}}],"collection":[{"href":"https:\/\/radiowebmx.com\/nota\/wp-json\/wp\/v2\/posts"}],"about":[{"href":"https:\/\/radiowebmx.com\/nota\/wp-json\/wp\/v2\/types\/post"}],"author":[{"embeddable":true,"href":"https:\/\/radiowebmx.com\/nota\/wp-json\/wp\/v2\/users\/1"}],"replies":[{"embeddable":true,"href":"https:\/\/radiowebmx.com\/nota\/wp-json\/wp\/v2\/comments?post=27930"}],"version-history":[{"count":2,"href":"https:\/\/radiowebmx.com\/nota\/wp-json\/wp\/v2\/posts\/27930\/revisions"}],"predecessor-version":[{"id":27933,"href":"https:\/\/radiowebmx.com\/nota\/wp-json\/wp\/v2\/posts\/27930\/revisions\/27933"}],"wp:featuredmedia":[{"embeddable":true,"href":"https:\/\/radiowebmx.com\/nota\/wp-json\/wp\/v2\/media\/27931"}],"wp:attachment":[{"href":"https:\/\/radiowebmx.com\/nota\/wp-json\/wp\/v2\/media?parent=27930"}],"wp:term":[{"taxonomy":"category","embeddable":true,"href":"https:\/\/radiowebmx.com\/nota\/wp-json\/wp\/v2\/categories?post=27930"},{"taxonomy":"post_tag","embeddable":true,"href":"https:\/\/radiowebmx.com\/nota\/wp-json\/wp\/v2\/tags?post=27930"}],"curies":[{"name":"wp","href":"https:\/\/api.w.org\/{rel}","templated":true}]}}