{"id":27918,"date":"2016-11-22T11:33:19","date_gmt":"2016-11-22T17:33:19","guid":{"rendered":"https:\/\/radiowebmx.com\/nota\/?p=27918"},"modified":"2016-11-22T11:35:44","modified_gmt":"2016-11-22T17:35:44","slug":"morelianos-disfrutan-del-desfile-civico-deportivo-por-el-106-aniversario-del-inicio-de-la-revolucion-mexicana","status":"publish","type":"post","link":"https:\/\/radiowebmx.com\/nota\/morelianos-disfrutan-del-desfile-civico-deportivo-por-el-106-aniversario-del-inicio-de-la-revolucion-mexicana\/","title":{"rendered":"Morelianos disfrutan del desfile c\u00edvico deportivo por el 106 Aniversario del Inicio de la Revoluci\u00f3n Mexicana"},"content":{"rendered":"<p><img loading=\"lazy\" decoding=\"async\" src=\"https:\/\/radiowebmx.com\/nota\/wp-content\/uploads\/2016\/11\/e8db1a95-a4b7-41e7-a411-2358604db56a.jpg\" alt=\"e8db1a95-a4b7-41e7-a411-2358604db56a\" width=\"709\" height=\"472\" class=\"alignleft size-full wp-image-27919\" srcset=\"https:\/\/radiowebmx.com\/nota\/wp-content\/uploads\/2016\/11\/e8db1a95-a4b7-41e7-a411-2358604db56a.jpg 709w, https:\/\/radiowebmx.com\/nota\/wp-content\/uploads\/2016\/11\/e8db1a95-a4b7-41e7-a411-2358604db56a-300x200.jpg 300w\" sizes=\"auto, (max-width: 709px) 100vw, 709px\" \/><\/p>\n<p><img loading=\"lazy\" decoding=\"async\" src=\"https:\/\/radiowebmx.com\/nota\/wp-content\/uploads\/2016\/11\/276f6db8-18b9-4a9c-8d58-732002caadaf.jpg\" alt=\"276f6db8-18b9-4a9c-8d58-732002caadaf\" width=\"709\" height=\"472\" class=\"alignleft size-full wp-image-27922\" srcset=\"https:\/\/radiowebmx.com\/nota\/wp-content\/uploads\/2016\/11\/276f6db8-18b9-4a9c-8d58-732002caadaf.jpg 709w, https:\/\/radiowebmx.com\/nota\/wp-content\/uploads\/2016\/11\/276f6db8-18b9-4a9c-8d58-732002caadaf-300x200.jpg 300w\" sizes=\"auto, (max-width: 709px) 100vw, 709px\" \/><\/p>\n<p>En un ambiente cien por ciento familiar, miles de morelianos disfrutaron este domingo del tradicional Desfile conmemorativo al 106 Aniversario del Inicio de la Revoluci\u00f3n Mexicana en la capital michoacana y en el cual participaron alrededor 3 mil 500 personas, tanto en los distintos contingentes, como en los carros aleg\u00f3ricos.<\/p>\n<p>Desde uno de los balcones de Palacio de Gobierno, el Presidente Municipal, Alfonso Mart\u00ednez Alc\u00e1zar, en compa\u00f1\u00eda del Gobernador del Estado, Silvano Aureoles Conejo, presenci\u00f3 esta parada c\u00edvica deportiva que llen\u00f3 de colorido el Centro Hist\u00f3rico de Morelia.<\/p>\n<p>Mediante acrobacias y la demostraci\u00f3n de diversas pr\u00e1cticas deportivas, los 106 contingentes del sector educativo, dependencias oficiales, organizaciones deportivas y escuelas militarizadas que formaron parte de este desfile, vistieron el Primer Cuadro de la ciudad, para el deleite de los miles de ciudadanos que acudieron a verlo.<\/p>\n<p>Fue poco despu\u00e9s de las 11:00 horas que los contingentes partieron de la Plaza Jard\u00edn Morelos hasta el Monumento a L\u00e1zaro C\u00e1rdenas, haciendo gala de sus habilidades y destrezas deportivas, mismas que tambi\u00e9n estuvieron acompa\u00f1adas de carros aleg\u00f3ricos.<\/p>\n<p>Bajo este contexto, el Alcalde celebr\u00f3 la gran participaci\u00f3n de los morelianos, que durante los \u00faltimos meses ha dado muestra de que nuevamente se han apropiado de los espacios p\u00fablicos, haciendo de estos un punto de encuentro para la convivencia familiar y sana recreaci\u00f3n.<\/p>\n<p>Cabe recordar, que en el \u00e1nimo de que esta tradicional parada c\u00edvica-militar se llevara a cabo en un marco de tranquilidad y orden, la Polic\u00eda Municipal de Morelia estrech\u00f3 lazos de coordinaci\u00f3n con  sus hom\u00f3logos estatales, logrando que esta culminara sin contratiempos.<\/p>\n","protected":false},"excerpt":{"rendered":"<p>En un ambiente cien por ciento familiar, miles de morelianos disfrutaron este domingo del tradicional Desfile conmemorativo al 106 Aniversario del Inicio de la Revoluci\u00f3n Mexicana en la capital michoacana y en el cual participaron alrededor 3 mil 500 personas, tanto en los distintos contingentes, como en los carros aleg\u00f3ricos.<\/p>\n","protected":false},"author":1,"featured_media":27919,"comment_status":"open","ping_status":"open","sticky":false,"template":"","format":"standard","meta":{"footnotes":""},"categories":[14,9],"tags":[],"class_list":["post-27918","post","type-post","status-publish","format-standard","has-post-thumbnail","hentry","category-destacadas","category-morelia"],"_links":{"self":[{"href":"https:\/\/radiowebmx.com\/nota\/wp-json\/wp\/v2\/posts\/27918","targetHints":{"allow":["GET"]}}],"collection":[{"href":"https:\/\/radiowebmx.com\/nota\/wp-json\/wp\/v2\/posts"}],"about":[{"href":"https:\/\/radiowebmx.com\/nota\/wp-json\/wp\/v2\/types\/post"}],"author":[{"embeddable":true,"href":"https:\/\/radiowebmx.com\/nota\/wp-json\/wp\/v2\/users\/1"}],"replies":[{"embeddable":true,"href":"https:\/\/radiowebmx.com\/nota\/wp-json\/wp\/v2\/comments?post=27918"}],"version-history":[{"count":3,"href":"https:\/\/radiowebmx.com\/nota\/wp-json\/wp\/v2\/posts\/27918\/revisions"}],"predecessor-version":[{"id":27923,"href":"https:\/\/radiowebmx.com\/nota\/wp-json\/wp\/v2\/posts\/27918\/revisions\/27923"}],"wp:featuredmedia":[{"embeddable":true,"href":"https:\/\/radiowebmx.com\/nota\/wp-json\/wp\/v2\/media\/27919"}],"wp:attachment":[{"href":"https:\/\/radiowebmx.com\/nota\/wp-json\/wp\/v2\/media?parent=27918"}],"wp:term":[{"taxonomy":"category","embeddable":true,"href":"https:\/\/radiowebmx.com\/nota\/wp-json\/wp\/v2\/categories?post=27918"},{"taxonomy":"post_tag","embeddable":true,"href":"https:\/\/radiowebmx.com\/nota\/wp-json\/wp\/v2\/tags?post=27918"}],"curies":[{"name":"wp","href":"https:\/\/api.w.org\/{rel}","templated":true}]}}