{"id":27915,"date":"2016-11-22T11:31:27","date_gmt":"2016-11-22T17:31:27","guid":{"rendered":"https:\/\/radiowebmx.com\/nota\/?p=27915"},"modified":"2016-11-22T11:31:27","modified_gmt":"2016-11-22T17:31:27","slug":"presidira-silvano-aureoles-comision-de-desarrollo-de-las-zee-en-la-conago","status":"publish","type":"post","link":"https:\/\/radiowebmx.com\/nota\/presidira-silvano-aureoles-comision-de-desarrollo-de-las-zee-en-la-conago\/","title":{"rendered":"Presidir\u00e1 Silvano Aureoles Comisi\u00f3n de Desarrollo de las ZEE en la Conago"},"content":{"rendered":"<p><img loading=\"lazy\" decoding=\"async\" src=\"https:\/\/radiowebmx.com\/nota\/wp-content\/uploads\/2016\/11\/a9ccbe9f-3814-4e0b-993b-516f1b2861ac.jpeg\" alt=\"a9ccbe9f-3814-4e0b-993b-516f1b2861ac\" width=\"709\" height=\"472\" class=\"alignleft size-full wp-image-27916\" srcset=\"https:\/\/radiowebmx.com\/nota\/wp-content\/uploads\/2016\/11\/a9ccbe9f-3814-4e0b-993b-516f1b2861ac.jpeg 709w, https:\/\/radiowebmx.com\/nota\/wp-content\/uploads\/2016\/11\/a9ccbe9f-3814-4e0b-993b-516f1b2861ac-300x200.jpeg 300w\" sizes=\"auto, (max-width: 709px) 100vw, 709px\" \/><\/p>\n<p>Huatulco, Oaxaca, a 18 de noviembre de 2016.- En el marco de la quincuag\u00e9sima primera Reuni\u00f3n Ordinaria de la Conferencia Nacional de Gobernadores (Conago), el titular del Ejecutivo de Michoac\u00e1n, Silvano Aureoles Conejo, recibi\u00f3 el nombramiento como titular de la nueva Comisi\u00f3n de Desarrollo de las Zonas Econ\u00f3micas Especiales (ZEE), al interior de este organismo, misma que surge a propuesta del propio gobernador michoacano.<\/p>\n<p>De igual manera, en sesi\u00f3n privada previa a la plenaria, Aureoles Conejo fue designado vicecoordinador de la Comisi\u00f3n de Seguridad y Justicia.<\/p>\n<p>En presencia del Presidente de M\u00e9xico, Enrique Pe\u00f1a Nieto y 30 Gobernadores, se enfatiz\u00f3 que la intenci\u00f3n de esta Comisi\u00f3n de la ZEE es coadyuvar en el ana\u0301lisis y construccio\u0301n de acuerdos entre las entidades federativas y el Gobierno de la Repu\u0301blica para el establecimiento, despegue y consolidacio\u0301n de estas zonas, que traera\u0301n beneficios para todo Me\u0301xico.<\/p>\n<p>De acuerdo a la propuesta de Aureoles Conejo, es indispensable establecer un mecanismo de coordinacio\u0301n entre las entidades federativas, adema\u0301s de fomentar el dia\u0301logo y participacio\u0301n con el sector privado, social y acade\u0301mico local, para lograr una suma de voluntades y esfuerzos para el exitoso desarrollo de cada ZEE.<\/p>\n<p>Previo a la reuni\u00f3n plenaria abierta, el Gobernador de Michoac\u00e1n consider\u00f3 ante sus hom\u00f3logos que el puerto michoacano de La\u0301zaro Ca\u0301rdenas sera\u0301 pieza clave de esta estrategia, por ello su intere\u0301s en presidir la Comisio\u0301n para el Desarrollo de Zonas Econo\u0301micas Especiales, asumiendo el compromiso de trabajar de manera incansable para que se cumplan los objetivos que surjan al interior de la Conago en este rubro.<\/p>\n<p>En esta reuni\u00f3n plenaria, Gabino Cue Monteagudo, gobernador de Oaxaca, concluy\u00f3 su periodo en la presidencia de la Conago y asumi\u00f3 el mandatario de Morelos, Graco Ram\u00edrez Garrido Abreu, quien extern\u00f3 un posicionamiento en relaci\u00f3n a las elecciones del pasado 8 de noviembre en los Estados Unidos de Norteam\u00e9rica, para trabajar de manera coordinada, las entidades federativas y el Gobierno de la Rep\u00fablica, a fin de ofrecer alternativas de desarrollo en M\u00e9xico a los connacionales que pudieran ser repatriados y ante una eventual cancelaci\u00f3n del Tratado de Libre Comercio de Am\u00e9rica del Norte (TLCAN).<\/p>\n<p>Tambi\u00e9n durante esta reuni\u00f3n, se anunci\u00f3 la creaci\u00f3n de la Comisi\u00f3n para la Inclusi\u00f3n de las Personas con Discapacidad, adem\u00e1s de tratar temas como el cumplimiento de la agenda 20-30 de ONU, los compromisos con las ni\u00f1as, ni\u00f1as y adolescentes, el Registro \u00danico de Personas Acreditadas, la reforma laboral, entre otros.<\/p>\n<p>En tanto que el Presidente Enrique Pe\u00f1a Nieto, manifest\u00f3 que la gobernadora, gobernadores y el jefe de gobierno que conforman la Conago, encontrar\u00e1n siempre amplia disposici\u00f3n de parte del Gobierno de la Rep\u00fablica, &#8220;porque tenemos claro que cuando a las partes de nuestra Federaci\u00f3n les va bien, le va bien a M\u00e9xico&#8221;.<\/p>\n<p>Estuvieron presentes, el secretario de Gobernaci\u00f3n, Miguel \u00c1ngel Osorio Chong; la secretaria de Relaciones Exteriores, Claudia Ruiz Massieu Salinas; la titular de la Secretar\u00eda de la Funci\u00f3n P\u00fablica, Arely G\u00f3mez Gonz\u00e1lez; por mencionar algunos.<\/p>\n","protected":false},"excerpt":{"rendered":"<p>En el marco de la quincuag\u00e9sima primera Reuni\u00f3n Ordinaria de la Conferencia Nacional de Gobernadores (Conago), el titular del Ejecutivo de Michoac\u00e1n, Silvano Aureoles Conejo, recibi\u00f3 el nombramiento como titular de la nueva Comisi\u00f3n de Desarrollo de las ZEE, al interior de este organismo, misma que surge a propuesta del propio gobernador michoacano.<\/p>\n","protected":false},"author":1,"featured_media":27916,"comment_status":"open","ping_status":"open","sticky":false,"template":"","format":"standard","meta":{"footnotes":""},"categories":[14,3],"tags":[],"class_list":["post-27915","post","type-post","status-publish","format-standard","has-post-thumbnail","hentry","category-destacadas","category-gobierno-del-estado-de-michoacan"],"_links":{"self":[{"href":"https:\/\/radiowebmx.com\/nota\/wp-json\/wp\/v2\/posts\/27915","targetHints":{"allow":["GET"]}}],"collection":[{"href":"https:\/\/radiowebmx.com\/nota\/wp-json\/wp\/v2\/posts"}],"about":[{"href":"https:\/\/radiowebmx.com\/nota\/wp-json\/wp\/v2\/types\/post"}],"author":[{"embeddable":true,"href":"https:\/\/radiowebmx.com\/nota\/wp-json\/wp\/v2\/users\/1"}],"replies":[{"embeddable":true,"href":"https:\/\/radiowebmx.com\/nota\/wp-json\/wp\/v2\/comments?post=27915"}],"version-history":[{"count":1,"href":"https:\/\/radiowebmx.com\/nota\/wp-json\/wp\/v2\/posts\/27915\/revisions"}],"predecessor-version":[{"id":27917,"href":"https:\/\/radiowebmx.com\/nota\/wp-json\/wp\/v2\/posts\/27915\/revisions\/27917"}],"wp:featuredmedia":[{"embeddable":true,"href":"https:\/\/radiowebmx.com\/nota\/wp-json\/wp\/v2\/media\/27916"}],"wp:attachment":[{"href":"https:\/\/radiowebmx.com\/nota\/wp-json\/wp\/v2\/media?parent=27915"}],"wp:term":[{"taxonomy":"category","embeddable":true,"href":"https:\/\/radiowebmx.com\/nota\/wp-json\/wp\/v2\/categories?post=27915"},{"taxonomy":"post_tag","embeddable":true,"href":"https:\/\/radiowebmx.com\/nota\/wp-json\/wp\/v2\/tags?post=27915"}],"curies":[{"name":"wp","href":"https:\/\/api.w.org\/{rel}","templated":true}]}}