{"id":27906,"date":"2016-11-18T11:41:52","date_gmt":"2016-11-18T17:41:52","guid":{"rendered":"https:\/\/radiowebmx.com\/nota\/?p=27906"},"modified":"2016-11-18T11:44:20","modified_gmt":"2016-11-18T17:44:20","slug":"aplaude-grupo-parlamentario-del-pan-concrecion-de-protocolo-alba","status":"publish","type":"post","link":"https:\/\/radiowebmx.com\/nota\/aplaude-grupo-parlamentario-del-pan-concrecion-de-protocolo-alba\/","title":{"rendered":"APLAUDE GRUPO PARLAMENTARIO DEL PAN CONCRECI\u00d3N DE PROTOCOLO ALBA"},"content":{"rendered":"<p><img loading=\"lazy\" decoding=\"async\" src=\"https:\/\/radiowebmx.com\/nota\/wp-content\/uploads\/2016\/11\/181116-Archivo.jpg\" alt=\"181116-archivo\" width=\"709\" height=\"472\" class=\"alignleft size-full wp-image-27907\" srcset=\"https:\/\/radiowebmx.com\/nota\/wp-content\/uploads\/2016\/11\/181116-Archivo.jpg 709w, https:\/\/radiowebmx.com\/nota\/wp-content\/uploads\/2016\/11\/181116-Archivo-300x200.jpg 300w\" sizes=\"auto, (max-width: 709px) 100vw, 709px\" \/><\/p>\n<p>Luego de que fuera signado el convenio con la Procuradur\u00eda General de Justicia del Estado (PGJE) para echar a andar el Protocolo Alba, el Grupo Parlamentario del PAN, en voz de su coordinador, Carlos Quintana Mart\u00ednez aplaudi\u00f3 el hecho que forma parte de las acciones en torno a la Alerta de Violencia de G\u00e9nero implementada en 14 municipios de Michoac\u00e1n.<\/p>\n<p>\u201cEste era un llamado realizado por las y los diputados de Acci\u00f3n Nacional quienes nos pronunciamos desde hace un a\u00f1o a favor de la importancia de la implementaci\u00f3n de este protocolo, al ser una acci\u00f3n contundente para abatir los feminicidios, por ello celebramos que ya sea una realidad para Michoac\u00e1n\u201d, explic\u00f3 Quintana Mart\u00ednez.<\/p>\n<p>Detall\u00f3 que este mecanismo permitir\u00e1 la pronta coordinaci\u00f3n de autoridades e incluso medios de comunicaci\u00f3n para la b\u00fasqueda y localizaci\u00f3n inmediata de ni\u00f1as y mujeres desaparecidas en el territorio michoacano, \u201cya que habr\u00e1 que recordar que son las primeras horas de desaparici\u00f3n determinantes para encontrar con vida o no a aquellas michoacanas que son sustra\u00eddas\u201d.<\/p>\n<p>Por ello, conmin\u00f3 a realizar el siguiente paso para continuar avanzando en la materia y lograr una mayor protecci\u00f3n a la vida de las mujeres michoacanas, \u201cen este sentido, respaldamos lo expuesto por parte de la Asociaci\u00f3n Civil Humanas Sin Violencia, a trav\u00e9s de la activista Lucero Circe L\u00f3pez Riofr\u00edo, en cuanto a revisar la funci\u00f3n de la Fiscal\u00eda en el estado\u201d.<\/p>\n<p>Lo anterior, enfocado a garantizar que se realicen los procesos de investigaci\u00f3n de acuerdo a los protocolos adecuados para determinar aquellos casos que son feminicidios o no, contribuyendo adem\u00e1s a que disminuya la impunidad y los agresores sean procesados con base al crimen que cometieron, se\u00f1al\u00f3 el l\u00edder blanquiazul.<\/p>\n","protected":false},"excerpt":{"rendered":"<p>Luego de que fuera signado el convenio con la Procuradur\u00eda General de Justicia del Estado (PGJE) para echar a andar el Protocolo Alba, el Grupo Parlamentario del PAN aplaudi\u00f3 el hecho que forma parte de las acciones en torno a la Alerta de Violencia de G\u00e9nero implementada en 14 municipios de Michoac\u00e1n.<\/p>\n","protected":false},"author":1,"featured_media":27907,"comment_status":"open","ping_status":"open","sticky":false,"template":"","format":"standard","meta":{"footnotes":""},"categories":[6,14,8],"tags":[],"class_list":["post-27906","post","type-post","status-publish","format-standard","has-post-thumbnail","hentry","category-congreso-del-estado","category-destacadas","category-grupo-parlamentario-del-pan"],"_links":{"self":[{"href":"https:\/\/radiowebmx.com\/nota\/wp-json\/wp\/v2\/posts\/27906","targetHints":{"allow":["GET"]}}],"collection":[{"href":"https:\/\/radiowebmx.com\/nota\/wp-json\/wp\/v2\/posts"}],"about":[{"href":"https:\/\/radiowebmx.com\/nota\/wp-json\/wp\/v2\/types\/post"}],"author":[{"embeddable":true,"href":"https:\/\/radiowebmx.com\/nota\/wp-json\/wp\/v2\/users\/1"}],"replies":[{"embeddable":true,"href":"https:\/\/radiowebmx.com\/nota\/wp-json\/wp\/v2\/comments?post=27906"}],"version-history":[{"count":2,"href":"https:\/\/radiowebmx.com\/nota\/wp-json\/wp\/v2\/posts\/27906\/revisions"}],"predecessor-version":[{"id":27909,"href":"https:\/\/radiowebmx.com\/nota\/wp-json\/wp\/v2\/posts\/27906\/revisions\/27909"}],"wp:featuredmedia":[{"embeddable":true,"href":"https:\/\/radiowebmx.com\/nota\/wp-json\/wp\/v2\/media\/27907"}],"wp:attachment":[{"href":"https:\/\/radiowebmx.com\/nota\/wp-json\/wp\/v2\/media?parent=27906"}],"wp:term":[{"taxonomy":"category","embeddable":true,"href":"https:\/\/radiowebmx.com\/nota\/wp-json\/wp\/v2\/categories?post=27906"},{"taxonomy":"post_tag","embeddable":true,"href":"https:\/\/radiowebmx.com\/nota\/wp-json\/wp\/v2\/tags?post=27906"}],"curies":[{"name":"wp","href":"https:\/\/api.w.org\/{rel}","templated":true}]}}