{"id":27901,"date":"2016-11-18T11:24:18","date_gmt":"2016-11-18T17:24:18","guid":{"rendered":"https:\/\/radiowebmx.com\/nota\/?p=27901"},"modified":"2016-11-18T11:24:18","modified_gmt":"2016-11-18T17:24:18","slug":"gobierno-municipal-invita-a-disfrutar-del-festival-de-musica-miguel-bernal-jimenez","status":"publish","type":"post","link":"https:\/\/radiowebmx.com\/nota\/gobierno-municipal-invita-a-disfrutar-del-festival-de-musica-miguel-bernal-jimenez\/","title":{"rendered":"Gobierno Municipal invita a disfrutar del Festival de M\u00fasica \u201cMiguel Bernal Jim\u00e9nez\u201d"},"content":{"rendered":"<p><img loading=\"lazy\" decoding=\"async\" src=\"https:\/\/radiowebmx.com\/nota\/wp-content\/uploads\/2016\/11\/be617dbe-d311-475b-92da-2dd706179193.jpg\" alt=\"be617dbe-d311-475b-92da-2dd706179193\" width=\"709\" height=\"472\" class=\"alignleft size-full wp-image-27902\" srcset=\"https:\/\/radiowebmx.com\/nota\/wp-content\/uploads\/2016\/11\/be617dbe-d311-475b-92da-2dd706179193.jpg 709w, https:\/\/radiowebmx.com\/nota\/wp-content\/uploads\/2016\/11\/be617dbe-d311-475b-92da-2dd706179193-300x200.jpg 300w\" sizes=\"auto, (max-width: 709px) 100vw, 709px\" \/><\/p>\n<p>Como parte de la promoci\u00f3n que en materia de turismo se ha dado para Morelia en cuanto a Festivales se refiere, el Ayuntamiento que encabeza el Presidente Municipal, Alfonso Mart\u00ednez Alc\u00e1zar invita a turistas y morelianos a que disfruten de la vig\u00e9simo octava edici\u00f3n del Festival de M\u00fasica de Morelia \u201cMiguel Bernal Jim\u00e9nez\u201d, el cual se inaugurar\u00e1 este 18 de noviembre con la Orquesta Sinf\u00f3nica de Yucat\u00e1n.<\/p>\n<p>La Secretaria de Turismo Municipal, Thelma Aquique Arrieta celebr\u00f3 la importancia que tiene este Festival por recibir al turismo nacional y extranjero avezado a la m\u00fasica, que por consecuencia arrojar\u00e1n una importante derrama econ\u00f3mica para el sector hotelero, restaurantero y de servicios para la ciudad.<\/p>\n<p>Asimismo, invit\u00f3 a los morelianos a que disfruten de todas las actividades que este festival lleva a cabo en los espacios p\u00fablicos, como ser\u00e1 la muestra de Tapetes Florales de Patamban, el pr\u00f3ximo s\u00e1bado 19 de noviembre, en punto de las 11:00 horas, sobre la calzada Fray Antonio de San Miguel, en donde se mostrar\u00e1n m\u00e1s de 3 millones de flores y habr\u00e1 presentaciones musicales en vivo.<\/p>\n<p>Thelma Aquique, resalt\u00f3 que el Ayuntamiento de Morelia ha dejado huella de manera importante en los Festivales de talla nacional e internacional gracias a las acciones que ha llevado a cabo el edil moreliano de proyectar a Morelia como uno de los destinos m\u00e1s importantes en materia cultural y de festivales.<\/p>\n<p>Para este festival, la encargada de la pol\u00edtica tur\u00edstica local agradeci\u00f3 que los organizadores conjuntaran actividades paralelas gratuitas en los que se incluir\u00e1n clases magistrales, eventos para ni\u00f1os, coloquios, proyecciones de \u00f3pera, talleres y un tianguis gastron\u00f3mico en donde se espera que se rebase la afluencia de asistentes de la edici\u00f3n anterior que fue de cerca de 75 mil personas y en donde cabe resaltar que los recintos que albergar\u00e1n las actividades en Morelia ser\u00e1n el Teatro Morelos, Palacio Municipal, Teatro Ocampo, Plaza Valladolid, Conservatorio de las Rosas, la Biblioteca P\u00fablica, la Calzada Fray Antonio de San Miguel y el Templo de San Agust\u00edn. <\/p>\n<p>Aquique Arrieta agreg\u00f3 que tanto los turistas y morelianos pueden consultar todas las actividades en el marco de este festival, horarios, conciertos, fechas y precios, en la p\u00e1gina oficial de la Secretar\u00eda de Turismo de Morelia www.turismomorelia.mx  y a trav\u00e9s de su aplicaci\u00f3n para celular que es Turismo Morelia MX, misma que se puede descargar de manera gratuita para las dos plataformas m\u00f3viles: Android e IOS.<\/p>\n","protected":false},"excerpt":{"rendered":"<p>Como parte de la promoci\u00f3n que en materia de turismo se ha dado para Morelia en cuanto a Festivales se refiere, el Ayuntamiento que encabeza el Presidente Municipal, invita a turistas y morelianos a que disfruten de la vig\u00e9simo octava edici\u00f3n del Festival de M\u00fasica de Morelia \u201cMiguel Bernal Jim\u00e9nez\u201d, <\/p>\n","protected":false},"author":1,"featured_media":27902,"comment_status":"open","ping_status":"open","sticky":false,"template":"","format":"standard","meta":{"footnotes":""},"categories":[14,9],"tags":[],"class_list":["post-27901","post","type-post","status-publish","format-standard","has-post-thumbnail","hentry","category-destacadas","category-morelia"],"_links":{"self":[{"href":"https:\/\/radiowebmx.com\/nota\/wp-json\/wp\/v2\/posts\/27901","targetHints":{"allow":["GET"]}}],"collection":[{"href":"https:\/\/radiowebmx.com\/nota\/wp-json\/wp\/v2\/posts"}],"about":[{"href":"https:\/\/radiowebmx.com\/nota\/wp-json\/wp\/v2\/types\/post"}],"author":[{"embeddable":true,"href":"https:\/\/radiowebmx.com\/nota\/wp-json\/wp\/v2\/users\/1"}],"replies":[{"embeddable":true,"href":"https:\/\/radiowebmx.com\/nota\/wp-json\/wp\/v2\/comments?post=27901"}],"version-history":[{"count":1,"href":"https:\/\/radiowebmx.com\/nota\/wp-json\/wp\/v2\/posts\/27901\/revisions"}],"predecessor-version":[{"id":27903,"href":"https:\/\/radiowebmx.com\/nota\/wp-json\/wp\/v2\/posts\/27901\/revisions\/27903"}],"wp:featuredmedia":[{"embeddable":true,"href":"https:\/\/radiowebmx.com\/nota\/wp-json\/wp\/v2\/media\/27902"}],"wp:attachment":[{"href":"https:\/\/radiowebmx.com\/nota\/wp-json\/wp\/v2\/media?parent=27901"}],"wp:term":[{"taxonomy":"category","embeddable":true,"href":"https:\/\/radiowebmx.com\/nota\/wp-json\/wp\/v2\/categories?post=27901"},{"taxonomy":"post_tag","embeddable":true,"href":"https:\/\/radiowebmx.com\/nota\/wp-json\/wp\/v2\/tags?post=27901"}],"curies":[{"name":"wp","href":"https:\/\/api.w.org\/{rel}","templated":true}]}}