{"id":2790,"date":"2013-06-04T12:21:52","date_gmt":"2013-06-04T17:21:52","guid":{"rendered":"https:\/\/radiowebmx.com\/nota\/?p=2790"},"modified":"2013-06-04T12:21:52","modified_gmt":"2013-06-04T17:21:52","slug":"secretario-de-educacion-se-reune-con-supervisoras-y-jefas-de-sector-de-preescolar","status":"publish","type":"post","link":"https:\/\/radiowebmx.com\/nota\/secretario-de-educacion-se-reune-con-supervisoras-y-jefas-de-sector-de-preescolar\/","title":{"rendered":"SECRETARIO DE EDUCACI\u00d3N SE RE\u00daNE CON SUPERVISORAS Y JEFAS DE SECTOR DE PREESCOLAR"},"content":{"rendered":"<p>El secretario de Educaci\u00f3n en el estado, J. Jes\u00fas Sierra Arias, se reuni\u00f3 con jefas de sector y supervisoras de nivel preescolar a quienes reconoci\u00f3 por su labor y afirm\u00f3 que la dependencia que encabeza trabaja por mejorar el servicio educativo, a trav\u00e9s de la estructura de la propia Secretar\u00eda, que atiende a una tercera parte de la poblaci\u00f3n michoacana.<\/p>\n<p>Al ser convocado durantela Reuni\u00f3nde Informaci\u00f3n sobre aspectos inherentes a la clausura del ciclo escolar para 23 Jefas de Sector y 114 Supervisoras de zona escolar de nivel Preescolar, el funcionario estatal refiri\u00f3 que como servidor p\u00fablico tiene la responsabilidad y compromiso de escuchar las necesidades de todo el personal de la dependencia.<\/p>\n<p>Sierra Arias enfatiz\u00f3 que su tarea tambi\u00e9n implica el ser gestor y coordinador de esfuerzos, por lo tanto es prioritario entablar comunicaci\u00f3n con los trabajadores, a fin de lograr una atenci\u00f3n m\u00e1s humana, al tiempo que convoc\u00f3 a los asistentes a reposicionar la figura del profesor en la sociedad.<\/p>\n<p>Luego de ser reconocido por su visita, ya que pasaron m\u00e1s de ocho a\u00f1os sin que un secretario de Educaci\u00f3n acudiera a una reuni\u00f3n directa con el personal de estructura, Sierra Arias reiter\u00f3 que su compromiso es resolver las solicitudes de los trabajadores dela SEE, en medida de las posibilidades de la propia dependencia.<\/p>\n<p>Record\u00f3 que en d\u00edas pasados se present\u00f3 el Plan Sectorial de Educaci\u00f3n y Cultura que explica los retos y compromisos de la presente administraci\u00f3n; exhort\u00f3 adem\u00e1s a los asistentes a conocerlo y analizarlo para trabajar de manera coordinada.<\/p>\n<p>Durante la reuni\u00f3n tambi\u00e9n se cont\u00f3 con la asistencia del subsecretario de Educaci\u00f3n B\u00e1sica, Cuitl\u00e1huac Contreras \u00cd\u00f1iguez; de la directora de Educaci\u00f3n Elemental, Delia Ayala S\u00e1nchez y de la subdirectora de Educaci\u00f3n Preescolar, Mar\u00eda Concepci\u00f3n Y\u00e9pez Guzm\u00e1n.<\/p>\n<p>En el evento, las supervisoras y jefas de sector expresaron algunas necesidades de sus \u00e1reas y agradecieron al funcionario estatal su inter\u00e9s por reunirse y escuchar sus planteamientos.<\/p>\n","protected":false},"excerpt":{"rendered":"<p>El secretario de Educaci\u00f3n en el estado, J. Jes\u00fas Sierra Arias, se reuni\u00f3 con jefas de sector y supervisoras de nivel preescolar a quienes reconoci\u00f3 por su labor y afirm\u00f3 que la dependencia que encabeza trabaja por mejorar el servicio educativo, a trav\u00e9s de la estructura de la propia Secretar\u00eda, que atiende a una tercera parte de la poblaci\u00f3n michoacana.<\/p>\n","protected":false},"author":1,"featured_media":0,"comment_status":"open","ping_status":"open","sticky":false,"template":"","format":"standard","meta":{"footnotes":""},"categories":[3],"tags":[],"class_list":["post-2790","post","type-post","status-publish","format-standard","hentry","category-gobierno-del-estado-de-michoacan"],"_links":{"self":[{"href":"https:\/\/radiowebmx.com\/nota\/wp-json\/wp\/v2\/posts\/2790","targetHints":{"allow":["GET"]}}],"collection":[{"href":"https:\/\/radiowebmx.com\/nota\/wp-json\/wp\/v2\/posts"}],"about":[{"href":"https:\/\/radiowebmx.com\/nota\/wp-json\/wp\/v2\/types\/post"}],"author":[{"embeddable":true,"href":"https:\/\/radiowebmx.com\/nota\/wp-json\/wp\/v2\/users\/1"}],"replies":[{"embeddable":true,"href":"https:\/\/radiowebmx.com\/nota\/wp-json\/wp\/v2\/comments?post=2790"}],"version-history":[{"count":2,"href":"https:\/\/radiowebmx.com\/nota\/wp-json\/wp\/v2\/posts\/2790\/revisions"}],"predecessor-version":[{"id":2792,"href":"https:\/\/radiowebmx.com\/nota\/wp-json\/wp\/v2\/posts\/2790\/revisions\/2792"}],"wp:attachment":[{"href":"https:\/\/radiowebmx.com\/nota\/wp-json\/wp\/v2\/media?parent=2790"}],"wp:term":[{"taxonomy":"category","embeddable":true,"href":"https:\/\/radiowebmx.com\/nota\/wp-json\/wp\/v2\/categories?post=2790"},{"taxonomy":"post_tag","embeddable":true,"href":"https:\/\/radiowebmx.com\/nota\/wp-json\/wp\/v2\/tags?post=2790"}],"curies":[{"name":"wp","href":"https:\/\/api.w.org\/{rel}","templated":true}]}}