{"id":27894,"date":"2016-11-18T11:15:02","date_gmt":"2016-11-18T17:15:02","guid":{"rendered":"https:\/\/radiowebmx.com\/nota\/?p=27894"},"modified":"2016-11-18T11:15:02","modified_gmt":"2016-11-18T17:15:02","slug":"fundamental-poner-acento-en-el-desarrollo-social-silvano-aureoles","status":"publish","type":"post","link":"https:\/\/radiowebmx.com\/nota\/fundamental-poner-acento-en-el-desarrollo-social-silvano-aureoles\/","title":{"rendered":"Fundamental, poner acento en el desarrollo social: Silvano Aureoles"},"content":{"rendered":"<p><img loading=\"lazy\" decoding=\"async\" src=\"https:\/\/radiowebmx.com\/nota\/wp-content\/uploads\/2016\/11\/105f743e-9820-4c29-9620-fca5a5fa40f7.jpeg\" alt=\"105f743e-9820-4c29-9620-fca5a5fa40f7\" width=\"709\" height=\"472\" class=\"alignleft size-full wp-image-27895\" srcset=\"https:\/\/radiowebmx.com\/nota\/wp-content\/uploads\/2016\/11\/105f743e-9820-4c29-9620-fca5a5fa40f7.jpeg 709w, https:\/\/radiowebmx.com\/nota\/wp-content\/uploads\/2016\/11\/105f743e-9820-4c29-9620-fca5a5fa40f7-300x200.jpeg 300w\" sizes=\"auto, (max-width: 709px) 100vw, 709px\" \/><\/p>\n<p>Morelos, a 17 de noviembre de 2016.- Para buscar el desarrollo, es fundamental poner en el centro el desarrollo social, porque de no ser as\u00ed  los esfuerzos realizados no servir\u00e1n de nada, expres\u00f3 el Gobernador Constitucional Silvano Aureoles Conejo en el marco del Congreso Nacional de la Confederaci\u00f3n Independiente, Obrera, Agr\u00edcola y Campesina (CIOAC) en el estado de Morelos.<\/p>\n<p>Durante su participaci\u00f3n, el mandatario estatal manifest\u00f3 que los funcionarios p\u00fablicos deben responder a las demandas de la poblaci\u00f3n.<\/p>\n<p>Si bien reconoci\u00f3 que en la actualidad se enfrenta un panorama complicado, manifest\u00f3 que se debe construir una salida. \u201cS\u00ed podemos, tenemos un pa\u00eds muy rico, tenemos todas las condiciones para que las cosas sean diferentes\u201d, tema en el que dijo cada uno desde su trinchera deben trabajar para ello y as\u00ed mejorar las condiciones de vida.<\/p>\n<p>En este sentido, manifest\u00f3 que desde el inicio de su administraci\u00f3n se han puesto en marcha modelos de participaci\u00f3n ciudadana, como es el caso de las Comunidades Modelo, para sacar adelante localidades que no eran escuchadas por las autoridades. \u201cHemos ido a lugares donde por a\u00f1os o quiz\u00e1 d\u00e9cadas ning\u00fan Gobierno hab\u00eda llegado\u201d, finaliz\u00f3.<\/p>\n<p><img loading=\"lazy\" decoding=\"async\" src=\"https:\/\/radiowebmx.com\/nota\/wp-content\/uploads\/2016\/11\/dd4c2ea9-e14f-43bc-baf2-b7fa7fe7c793.jpeg\" alt=\"dd4c2ea9-e14f-43bc-baf2-b7fa7fe7c793\" width=\"709\" height=\"472\" class=\"alignleft size-full wp-image-27896\" srcset=\"https:\/\/radiowebmx.com\/nota\/wp-content\/uploads\/2016\/11\/dd4c2ea9-e14f-43bc-baf2-b7fa7fe7c793.jpeg 709w, https:\/\/radiowebmx.com\/nota\/wp-content\/uploads\/2016\/11\/dd4c2ea9-e14f-43bc-baf2-b7fa7fe7c793-300x200.jpeg 300w\" sizes=\"auto, (max-width: 709px) 100vw, 709px\" \/><\/p>\n","protected":false},"excerpt":{"rendered":"<p>Para buscar el desarrollo, es fundamental poner en el centro el desarrollo social, porque de no ser as\u00ed  los esfuerzos realizados no servir\u00e1n de nada, expres\u00f3 el Gobernador Constitucional en el marco del CIOAC en el estado de Morelos.<\/p>\n","protected":false},"author":1,"featured_media":27895,"comment_status":"open","ping_status":"open","sticky":false,"template":"","format":"standard","meta":{"footnotes":""},"categories":[14,3],"tags":[],"class_list":["post-27894","post","type-post","status-publish","format-standard","has-post-thumbnail","hentry","category-destacadas","category-gobierno-del-estado-de-michoacan"],"_links":{"self":[{"href":"https:\/\/radiowebmx.com\/nota\/wp-json\/wp\/v2\/posts\/27894","targetHints":{"allow":["GET"]}}],"collection":[{"href":"https:\/\/radiowebmx.com\/nota\/wp-json\/wp\/v2\/posts"}],"about":[{"href":"https:\/\/radiowebmx.com\/nota\/wp-json\/wp\/v2\/types\/post"}],"author":[{"embeddable":true,"href":"https:\/\/radiowebmx.com\/nota\/wp-json\/wp\/v2\/users\/1"}],"replies":[{"embeddable":true,"href":"https:\/\/radiowebmx.com\/nota\/wp-json\/wp\/v2\/comments?post=27894"}],"version-history":[{"count":1,"href":"https:\/\/radiowebmx.com\/nota\/wp-json\/wp\/v2\/posts\/27894\/revisions"}],"predecessor-version":[{"id":27897,"href":"https:\/\/radiowebmx.com\/nota\/wp-json\/wp\/v2\/posts\/27894\/revisions\/27897"}],"wp:featuredmedia":[{"embeddable":true,"href":"https:\/\/radiowebmx.com\/nota\/wp-json\/wp\/v2\/media\/27895"}],"wp:attachment":[{"href":"https:\/\/radiowebmx.com\/nota\/wp-json\/wp\/v2\/media?parent=27894"}],"wp:term":[{"taxonomy":"category","embeddable":true,"href":"https:\/\/radiowebmx.com\/nota\/wp-json\/wp\/v2\/categories?post=27894"},{"taxonomy":"post_tag","embeddable":true,"href":"https:\/\/radiowebmx.com\/nota\/wp-json\/wp\/v2\/tags?post=27894"}],"curies":[{"name":"wp","href":"https:\/\/api.w.org\/{rel}","templated":true}]}}