{"id":2785,"date":"2013-06-03T11:30:16","date_gmt":"2013-06-03T16:30:16","guid":{"rendered":"https:\/\/radiowebmx.com\/nota\/?p=2785"},"modified":"2013-07-03T13:06:59","modified_gmt":"2013-07-03T18:06:59","slug":"asiste-gobernador-jesus-reyna-a-conmemoracion-por-el-clii-aniversario-luctuoso-de-don-melchor-ocampo","status":"publish","type":"post","link":"https:\/\/radiowebmx.com\/nota\/asiste-gobernador-jesus-reyna-a-conmemoracion-por-el-clii-aniversario-luctuoso-de-don-melchor-ocampo\/","title":{"rendered":"ASISTE GOBERNADOR JES\u00daS REYNA A CONMEMORACI\u00d3N POR EL CLII ANIVERSARIO LUCTUOSO DE DON MELCHOR OCAMPO"},"content":{"rendered":"<p>El gobernador de Michoac\u00e1n, Jes\u00fas Reyna Garc\u00eda, asisti\u00f3 a la ceremonia c\u00edvica con motivo del CLII Aniversario luctuoso de Don Melchor Ocampo, en que el orador oficial, Alfredo Lauro Vera Amaya, a nombre dela Muy RespetableGran Logia \u201cL\u00e1zaro C\u00e1rdenas del R\u00edo\u201d, apunt\u00f3 que ahora, como en los tiempos del gran pr\u00f3cer michoacano, \u201crequerimos de un acto que nos refunde como Naci\u00f3n y entendemos que el pacto por M\u00e9xico, representa la avanzada para hacerlo\u201d.<\/p>\n<p>Durante el acto conmemorativo por la desaparici\u00f3n f\u00edsica del hombre cuyo legado fue plasmado enla Constituci\u00f3n Pol\u00edticade los Estados Unidos Mexicanos de 1917, y en las Leyes de Reforma, Vera Amaya apunt\u00f3 que M\u00e9xico requiere que se confirme el aut\u00e9ntico federalismo con estados que fortalezcan su recaudaci\u00f3n y al mismo tiempo, se consolide as\u00ed al municipio libre.<\/p>\n<p>Ante personal y alumnos de la escuela primaria \u201cMelchor Ocampo\u201d, legisladores y servidores p\u00fablicos de los tres niveles de gobierno, el orador destac\u00f3 que es necesario declarar materia de seguridad nacional la riqueza energ\u00e9tica, la educaci\u00f3n y en especial la cuesti\u00f3n alimentaria.<\/p>\n<p>\u201cM\u00e9xico jam\u00e1s ser\u00e1 un Estado fallido, pues los liberales y el gobierno establecido, jam\u00e1s aceptaremos como verdad que existan parcelas regionales de poder enquistadas en la soberan\u00eda nacional, ya que es \u00fanica e indivisible, y jam\u00e1s los grupos que las representan podr\u00e1n sustituirse a las funciones y fines de \u00e9ste\u201d, agreg\u00f3.<\/p>\n<p>Asimismo Vera Amaya consider\u00f3 importante resaltar que \u201cel pacto fundacional que nos encamine como Naci\u00f3n, debe contener los mecanismos para que en definitiva se establezca la necesaria distribuci\u00f3n de la riqueza, que se evite la concentraci\u00f3n de la misma en unos cuantos\u201d.<\/p>\n<p>En tanto que asever\u00f3 que Ocampo alcanz\u00f3 la inmortalidad al contribuir a darle identidad y rumbo a M\u00e9xico, a trav\u00e9s del texto constitucional que reconoce los derechos de los seres humanos, en especial la libertad, la ense\u00f1anza, la manifestaci\u00f3n de las ideas, de escritura, de petici\u00f3n, de asociaci\u00f3n, de tr\u00e1nsito. As\u00ed como los derechos pol\u00edticos, a votar y ser votado, la soberan\u00eda nacional que emana del pueblo, la definici\u00f3n dela Rep\u00fablicarepresentativa, democr\u00e1tica y federal, la divisi\u00f3n de poderes y la inviolabilidad dela Constituci\u00f3n, entre otros principios.<\/p>\n<p>\u201cLa identidad nacional ala Patriase confirm\u00f3 cuando a tres a\u00f1os de promulgadala Constituci\u00f3n, se emitieron las llamadas Leyes de Reforma referidas a materias comola Nacionalizaci\u00f3nde los Bienes Eclesi\u00e1sticos; el Matrimonio Civil;la Libertadde Cultos; que en general definieron el Estado laico\u201d.<\/p>\n<p>Luego de escuchar el discurso oficial, el mandatario estatal Reyna Garc\u00eda encabez\u00f3 una guardia de honor en el monumento a Melchor Ocampo de este municipio e hizo entrega de una ofrenda floral acompa\u00f1ado del diputado Fidel Calder\u00f3n Torreblanca, presidente dela Mesa Directivadel Congreso local; Juan Antonio Maga\u00f1a dela Mora, presidente del Supremo Tribunal de Justicia del Estado; el Procurador General de Justicia del estado, Pl\u00e1cido Torres Pineda, as\u00ed como Guillermo Corona L\u00f3pez, presidente municipal de Maravat\u00edo.<\/p>\n<p>Tambi\u00e9n presidieron este acto c\u00edvico, Luis Olvera Correa, diputado federal por el Distrito VI de Hidalgo; Francisco Bola\u00f1os Carmona, diputado local por el Distrito III de Maravat\u00edo, Fidencio Mili\u00e1n Contreras, director de Educaci\u00f3n Primaria dela Secretar\u00edade Educaci\u00f3n y Bibiana Hern\u00e1ndez, alumna distinguida del quinto grado dela Escuela Primaria, \u201cMelchor Ocampo\u201d.<\/p>\n","protected":false},"excerpt":{"rendered":"<p>El gobernador de Michoac\u00e1n, Jes\u00fas Reyna Garc\u00eda, asisti\u00f3 a la ceremonia c\u00edvica con motivo del CLII Aniversario luctuoso de Don Melchor Ocampo, en que el orador oficial, Alfredo Lauro Vera Amaya, a nombre dela Muy RespetableGran Logia \u201cL\u00e1zaro C\u00e1rdenas del R\u00edo\u201d, apunt\u00f3 que ahora, como en los tiempos del gran pr\u00f3cer michoacano, \u201crequerimos de un acto que nos refunde como Naci\u00f3n y entendemos que el pacto por M\u00e9xico, representa la avanzada para hacerlo\u201d.<\/p>\n","protected":false},"author":1,"featured_media":0,"comment_status":"open","ping_status":"open","sticky":false,"template":"","format":"standard","meta":{"footnotes":""},"categories":[3],"tags":[],"class_list":["post-2785","post","type-post","status-publish","format-standard","hentry","category-gobierno-del-estado-de-michoacan"],"_links":{"self":[{"href":"https:\/\/radiowebmx.com\/nota\/wp-json\/wp\/v2\/posts\/2785","targetHints":{"allow":["GET"]}}],"collection":[{"href":"https:\/\/radiowebmx.com\/nota\/wp-json\/wp\/v2\/posts"}],"about":[{"href":"https:\/\/radiowebmx.com\/nota\/wp-json\/wp\/v2\/types\/post"}],"author":[{"embeddable":true,"href":"https:\/\/radiowebmx.com\/nota\/wp-json\/wp\/v2\/users\/1"}],"replies":[{"embeddable":true,"href":"https:\/\/radiowebmx.com\/nota\/wp-json\/wp\/v2\/comments?post=2785"}],"version-history":[{"count":3,"href":"https:\/\/radiowebmx.com\/nota\/wp-json\/wp\/v2\/posts\/2785\/revisions"}],"predecessor-version":[{"id":2787,"href":"https:\/\/radiowebmx.com\/nota\/wp-json\/wp\/v2\/posts\/2785\/revisions\/2787"}],"wp:attachment":[{"href":"https:\/\/radiowebmx.com\/nota\/wp-json\/wp\/v2\/media?parent=2785"}],"wp:term":[{"taxonomy":"category","embeddable":true,"href":"https:\/\/radiowebmx.com\/nota\/wp-json\/wp\/v2\/categories?post=2785"},{"taxonomy":"post_tag","embeddable":true,"href":"https:\/\/radiowebmx.com\/nota\/wp-json\/wp\/v2\/tags?post=2785"}],"curies":[{"name":"wp","href":"https:\/\/api.w.org\/{rel}","templated":true}]}}