{"id":2782,"date":"2013-05-31T10:08:48","date_gmt":"2013-05-31T15:08:48","guid":{"rendered":"https:\/\/radiowebmx.com\/nota\/?p=2782"},"modified":"2013-05-31T10:08:48","modified_gmt":"2013-05-31T15:08:48","slug":"con-la-asistencia-de-los-presidentes-municipales-conocieron-las-instalaciones-del-centro-intermunicipal-para-el-tratamiento-integral-de-los-residuos-solidos-monarca-del-oriente","status":"publish","type":"post","link":"https:\/\/radiowebmx.com\/nota\/con-la-asistencia-de-los-presidentes-municipales-conocieron-las-instalaciones-del-centro-intermunicipal-para-el-tratamiento-integral-de-los-residuos-solidos-monarca-del-oriente\/","title":{"rendered":"Con la asistencia de los presidentes municipales  conocieron las Instalaciones del Centro Intermunicipal para el Tratamiento Integral de los Resid\u00faos S\u00f3lidos \u201cMonarca del Oriente\u201d."},"content":{"rendered":"<p>Con la asistencia de los presidentes municipales de \u00c1poro, Pedro Guzm\u00e1n Gonz\u00e1lez, de Irimbo, Jos\u00e9 Jaime L\u00f3pez Soto, Senguio, Mateo Coria Castro, Angangueo, Juan P\u00e9rez Anaya, Ocampo, Roberto Arriaga Col\u00edn, Jungapeo, Carlos Rodr\u00edguez Iturbe, T\u00faxpan, Carlos Alberto Paredes y de Hidalgo, Salvador Pe\u00f1a Ram\u00edrez, as\u00ed como con del delegado de Sedesol en Michoac\u00e1n, V\u00edctor Silva, a invitaci\u00f3n expresa, recorri\u00f3 y conoci\u00f3 las Instalaciones del Centro Intermunicipal para el Tratamiento Integral de los Resid\u00faos S\u00f3lidos \u201cMonarca del Oriente\u201d.<\/p>\n<p>La Sedesol que en la delegaci\u00f3n del estado dirige V\u00edctor Silva, efectu\u00f3 la visita al relleno sanitario que es operado por un organismo descentralizado, donde seg\u00fan estimaciones, diariamente se depositan aproximadamente 80 toneladas de resid\u00faos provenientes de ocho municipios del Oriente.<\/p>\n<p>As\u00ed, con la asistencia de los alcaldes y diversas autoridades y directivos del CITIRS, que encabeza Carlos Alberto Paredes Correa, se afectu\u00f3 una reuni\u00f3n en la que se expuso la manera en que por medio del esquema del proyecto asociaci\u00f3n de municipios las autoridades asociadas puedan acceder a recursos de apoyos federales para las distintas necesidades que tiene el CITIRS.<\/p>\n<p>V\u00edctor Silva dijo que como el municipio de Hidalgo es parte de la estrategia de la Cruzada Nacional contra el Hambre, buscar\u00e1 apoyar las diferentes acciones que conlleven a mejorar el medio ambiente y el nivel de vida de sus habitantes.<\/p>\n","protected":false},"excerpt":{"rendered":"<p>Con la asistencia de los presidentes municipales  conocieron las Instalaciones del Centro Intermunicipal para el Tratamiento Integral de los Resid\u00faos S\u00f3lidos \u201cMonarca del Oriente\u201d.<\/p>\n","protected":false},"author":1,"featured_media":0,"comment_status":"open","ping_status":"open","sticky":false,"template":"","format":"standard","meta":{"footnotes":""},"categories":[14,3],"tags":[],"class_list":["post-2782","post","type-post","status-publish","format-standard","hentry","category-destacadas","category-gobierno-del-estado-de-michoacan"],"_links":{"self":[{"href":"https:\/\/radiowebmx.com\/nota\/wp-json\/wp\/v2\/posts\/2782","targetHints":{"allow":["GET"]}}],"collection":[{"href":"https:\/\/radiowebmx.com\/nota\/wp-json\/wp\/v2\/posts"}],"about":[{"href":"https:\/\/radiowebmx.com\/nota\/wp-json\/wp\/v2\/types\/post"}],"author":[{"embeddable":true,"href":"https:\/\/radiowebmx.com\/nota\/wp-json\/wp\/v2\/users\/1"}],"replies":[{"embeddable":true,"href":"https:\/\/radiowebmx.com\/nota\/wp-json\/wp\/v2\/comments?post=2782"}],"version-history":[{"count":1,"href":"https:\/\/radiowebmx.com\/nota\/wp-json\/wp\/v2\/posts\/2782\/revisions"}],"predecessor-version":[{"id":2783,"href":"https:\/\/radiowebmx.com\/nota\/wp-json\/wp\/v2\/posts\/2782\/revisions\/2783"}],"wp:attachment":[{"href":"https:\/\/radiowebmx.com\/nota\/wp-json\/wp\/v2\/media?parent=2782"}],"wp:term":[{"taxonomy":"category","embeddable":true,"href":"https:\/\/radiowebmx.com\/nota\/wp-json\/wp\/v2\/categories?post=2782"},{"taxonomy":"post_tag","embeddable":true,"href":"https:\/\/radiowebmx.com\/nota\/wp-json\/wp\/v2\/tags?post=2782"}],"curies":[{"name":"wp","href":"https:\/\/api.w.org\/{rel}","templated":true}]}}