{"id":27716,"date":"2016-11-15T14:34:39","date_gmt":"2016-11-15T20:34:39","guid":{"rendered":"https:\/\/radiowebmx.com\/nota\/?p=27716"},"modified":"2016-11-15T14:34:39","modified_gmt":"2016-11-15T20:34:39","slug":"michoacan-ejemplo-de-organizacion-para-implementar-zona-economica-especial","status":"publish","type":"post","link":"https:\/\/radiowebmx.com\/nota\/michoacan-ejemplo-de-organizacion-para-implementar-zona-economica-especial\/","title":{"rendered":"Michoac\u00e1n, ejemplo de organizaci\u00f3n para implementar Zona Econ\u00f3mica Especial"},"content":{"rendered":"<p><img loading=\"lazy\" decoding=\"async\" class=\"alignleft size-full wp-image-27717\" src=\"https:\/\/radiowebmx.com\/nota\/wp-content\/uploads\/2016\/11\/7d8c570c-4260-419a-ac01-26f102ac780d.jpg\" alt=\"7d8c570c-4260-419a-ac01-26f102ac780d\" width=\"709\" height=\"396\" srcset=\"https:\/\/radiowebmx.com\/nota\/wp-content\/uploads\/2016\/11\/7d8c570c-4260-419a-ac01-26f102ac780d.jpg 709w, https:\/\/radiowebmx.com\/nota\/wp-content\/uploads\/2016\/11\/7d8c570c-4260-419a-ac01-26f102ac780d-300x168.jpg 300w, https:\/\/radiowebmx.com\/nota\/wp-content\/uploads\/2016\/11\/7d8c570c-4260-419a-ac01-26f102ac780d-284x158.jpg 284w, https:\/\/radiowebmx.com\/nota\/wp-content\/uploads\/2016\/11\/7d8c570c-4260-419a-ac01-26f102ac780d-128x72.jpg 128w\" sizes=\"auto, (max-width: 709px) 100vw, 709px\" \/><\/p>\n<p><strong>Oaxaca, Oaxaca, a 15 de noviembre de 2016.-<\/strong> Para avanzar en los mecanismos de implementaci\u00f3n y desarrollo de las nuevas Zonas Econ\u00f3micas Especiales (ZEE) en M\u00e9xico, se llev\u00f3 a cabo en Oaxaca la Primera Reuni\u00f3n Nacional Ordinaria en la materia, donde estuvieron presentes autoridades de Chiapas, Veracruz, Puebla, Hidalgo, Yucat\u00e1n, Campeche, Tabasco, Guerrero, Oaxaca y Michoac\u00e1n.<\/p>\n<p>&nbsp;<\/p>\n<p>Durante la reuni\u00f3n, el titular de la Autoridad Federal para el Desarrollo de las Zonas Econ\u00f3micas Especiales, Gerardo Guti\u00e9rrez Candiani, destac\u00f3 la organizaci\u00f3n y el trabajo que se ha implementado en Michoac\u00e1n para la concreci\u00f3n del Puerto de L\u00e1zaro C\u00e1rdenas como Zona Econ\u00f3mica Especial, que ser\u00e1 un detonante para el desarrollo en todo el pa\u00eds.<\/p>\n<p>&nbsp;<\/p>\n<p>Con la representaci\u00f3n del Gobierno del Estado, los titulares de la Consejer\u00eda Jur\u00eddica, Sergio Mecino Morales y de la Comisi\u00f3n para el Desarrollo Sostenible de la Costa Michoacana (Codecom), Patricia Flores Anguiano, estuvieron presentes en dicha reuni\u00f3n donde acordaron crear mesas de trabajo de an\u00e1lisis y seguimiento de acciones las cuales sesionar\u00e1n cada dos meses.<\/p>\n<p>&nbsp;<\/p>\n<p>En este marco, el gobernador de Oaxaca, Gabino Cu\u00e9 Monteagudo, firm\u00f3 y la presidenta municipal de Salina Cruz, Rosa Nidia Villalobos Gonz\u00e1lez, entregaron la carta de intenci\u00f3n a la autoridad federal para crear la ruta de trabajo a seguir para detonar el desarrollo del municipio.<\/p>\n","protected":false},"excerpt":{"rendered":"<p>Para avanzar en los mecanismos de implementaci\u00f3n y desarrollo de las nuevas Zonas Econ\u00f3micas Especiales (ZEE) en M\u00e9xico, se llev\u00f3 a cabo en Oaxaca la Primera Reuni\u00f3n Nacional Ordinaria en la materia, donde estuvieron presentes autoridades de Chiapas, Veracruz, Puebla, Hidalgo, Yucat\u00e1n, Campeche, Tabasco, Guerrero&#8230;<\/p>\n","protected":false},"author":1,"featured_media":27717,"comment_status":"open","ping_status":"open","sticky":false,"template":"","format":"standard","meta":{"footnotes":""},"categories":[14,3],"tags":[],"class_list":["post-27716","post","type-post","status-publish","format-standard","has-post-thumbnail","hentry","category-destacadas","category-gobierno-del-estado-de-michoacan"],"_links":{"self":[{"href":"https:\/\/radiowebmx.com\/nota\/wp-json\/wp\/v2\/posts\/27716","targetHints":{"allow":["GET"]}}],"collection":[{"href":"https:\/\/radiowebmx.com\/nota\/wp-json\/wp\/v2\/posts"}],"about":[{"href":"https:\/\/radiowebmx.com\/nota\/wp-json\/wp\/v2\/types\/post"}],"author":[{"embeddable":true,"href":"https:\/\/radiowebmx.com\/nota\/wp-json\/wp\/v2\/users\/1"}],"replies":[{"embeddable":true,"href":"https:\/\/radiowebmx.com\/nota\/wp-json\/wp\/v2\/comments?post=27716"}],"version-history":[{"count":1,"href":"https:\/\/radiowebmx.com\/nota\/wp-json\/wp\/v2\/posts\/27716\/revisions"}],"predecessor-version":[{"id":27718,"href":"https:\/\/radiowebmx.com\/nota\/wp-json\/wp\/v2\/posts\/27716\/revisions\/27718"}],"wp:featuredmedia":[{"embeddable":true,"href":"https:\/\/radiowebmx.com\/nota\/wp-json\/wp\/v2\/media\/27717"}],"wp:attachment":[{"href":"https:\/\/radiowebmx.com\/nota\/wp-json\/wp\/v2\/media?parent=27716"}],"wp:term":[{"taxonomy":"category","embeddable":true,"href":"https:\/\/radiowebmx.com\/nota\/wp-json\/wp\/v2\/categories?post=27716"},{"taxonomy":"post_tag","embeddable":true,"href":"https:\/\/radiowebmx.com\/nota\/wp-json\/wp\/v2\/tags?post=27716"}],"curies":[{"name":"wp","href":"https:\/\/api.w.org\/{rel}","templated":true}]}}