{"id":27692,"date":"2016-11-15T11:02:00","date_gmt":"2016-11-15T17:02:00","guid":{"rendered":"https:\/\/radiowebmx.com\/nota\/?p=27692"},"modified":"2016-11-15T11:02:00","modified_gmt":"2016-11-15T17:02:00","slug":"representantes-de-aice-conocen-proyectos-exitosos-del-dif-morelia","status":"publish","type":"post","link":"https:\/\/radiowebmx.com\/nota\/representantes-de-aice-conocen-proyectos-exitosos-del-dif-morelia\/","title":{"rendered":"Representantes de AICE conocen proyectos exitosos del DIF Morelia"},"content":{"rendered":"<p>Con el prop\u00f3sito de conocer a fondo las experiencias y proyectos exitosos en materia de inclusi\u00f3n, la Directora de Ciudades Educadoras de la Delegaci\u00f3n Am\u00e9rica Latina, Laura Alonso, as\u00ed como la Consultora de la organizaci\u00f3n, Ang\u00e9lica Satiro, visitaron el Centro para la Cultura de la Discapacidad (CCD) y tomaron el Taller Vivencial \u201cViviendo y Conviviendo con la Discapacidad\u201d.<\/p>\n<p>Lo anterior en el marco de su visita a esta capital, donde ambas delegadas internacionales acudieron para el Seminario de Formaci\u00f3n \u201cCiudad Educadora y Gobernanza Local\u201d, que organiza el Ayuntamiento de Morelia, que encabeza el Alcalde, Alfonso Mart\u00ednez Alc\u00e1zar.<\/p>\n<p>Acompa\u00f1adas por la Jefa de departamento del CCD, Ana Isabel D\u00e1vila Mungu\u00eda, las representantes de la Asociaci\u00f3n Internacional de Ciudades Educadoras, acudieron al Colegio de Morelia para participar en el taller vivencial, mismo que actualmente se imparte a todos los funcionarios municipales a fin de sensibilizarlos en torno a las necesidades de las personas con discapacidad como parte de las actividades de la campa\u00f1a \u201cMorelia Incluyente\u201d.<\/p>\n<p>Al termino del taller, Ang\u00e9lica Satiro mencion\u00f3 la importancia de que esta actividad sea impartida \u201cprincipalmente a quienes tienen el poder de tomar las decisiones en el gobierno\u201d, pues consider\u00f3 que solo teniendo la experiencia de vivir aunque sea por un instante una discapacidad, \u201cse puede tener la claridad sobre las acciones que debemos implementar\u201d.<\/p>\n<p>Durante la visita posterior al CCD, Laura Alonso destac\u00f3 la labor emprendida por el municipio para promover la inclusi\u00f3n a trav\u00e9s de las actividades que se realizan en el centro, donde se promueve la diversidad, capacitaci\u00f3n, educaci\u00f3n, rehabilitaci\u00f3n e integraci\u00f3n de personas con discapacidad.<\/p>\n<p>Cabe recordar que el pasado mes de mayo, se llev\u00f3 a cabo el XIV Congreso Internacional de Ciudades Educadoras en la ciudad de Rosario, Argentina; donde justamente el Ayuntamiento de Morelia, present\u00f3 los Talleres Vivenciales y el Valle de Altamagia -que tambi\u00e9n es un programa del CCD- como proyectos exitosos para exponer en el evento.<\/p>\n<p>Ambos proyectos se presentaron en virtud de que el XIV Congreso Internacional de Ciudades Educadoras, se llev\u00f3 a cabo bajo el tema de \u201cLos territorios de la convivencia en las ciudades\u201d, como una apuesta a la construcci\u00f3n de ciudades m\u00e1s justas, que promuevan la solidaridad y respeten la diversidad, poniendo en valor la igualdad de oportunidades y la integraci\u00f3n social como principios que posibiliten esa construcci\u00f3n.<\/p>\n<p><img loading=\"lazy\" decoding=\"async\" class=\"alignleft size-full wp-image-27693\" src=\"https:\/\/radiowebmx.com\/nota\/wp-content\/uploads\/2016\/11\/8691ef5c-d685-41cc-9bbc-8973aff6435e.jpeg\" alt=\"8691ef5c-d685-41cc-9bbc-8973aff6435e\" width=\"709\" height=\"472\" srcset=\"https:\/\/radiowebmx.com\/nota\/wp-content\/uploads\/2016\/11\/8691ef5c-d685-41cc-9bbc-8973aff6435e.jpeg 709w, https:\/\/radiowebmx.com\/nota\/wp-content\/uploads\/2016\/11\/8691ef5c-d685-41cc-9bbc-8973aff6435e-300x200.jpeg 300w\" sizes=\"auto, (max-width: 709px) 100vw, 709px\" \/><\/p>\n","protected":false},"excerpt":{"rendered":"<p>Con el prop\u00f3sito de conocer a fondo las experiencias y proyectos exitosos en materia de inclusi\u00f3n, la Directora de Ciudades Educadoras de la Delegaci\u00f3n Am\u00e9rica Latina, Laura Alonso, as\u00ed como la Consultora de la organizaci\u00f3n, Ang\u00e9lica Satiro, visitaron el Centro para la Cultura de la Discapacidad (CCD) y tomaron el Taller Vivencial \u201cViviendo y Conviviendo con la Discapacidad\u201d.<\/p>\n","protected":false},"author":1,"featured_media":27693,"comment_status":"open","ping_status":"open","sticky":false,"template":"","format":"standard","meta":{"footnotes":""},"categories":[14,3],"tags":[],"class_list":["post-27692","post","type-post","status-publish","format-standard","has-post-thumbnail","hentry","category-destacadas","category-gobierno-del-estado-de-michoacan"],"_links":{"self":[{"href":"https:\/\/radiowebmx.com\/nota\/wp-json\/wp\/v2\/posts\/27692","targetHints":{"allow":["GET"]}}],"collection":[{"href":"https:\/\/radiowebmx.com\/nota\/wp-json\/wp\/v2\/posts"}],"about":[{"href":"https:\/\/radiowebmx.com\/nota\/wp-json\/wp\/v2\/types\/post"}],"author":[{"embeddable":true,"href":"https:\/\/radiowebmx.com\/nota\/wp-json\/wp\/v2\/users\/1"}],"replies":[{"embeddable":true,"href":"https:\/\/radiowebmx.com\/nota\/wp-json\/wp\/v2\/comments?post=27692"}],"version-history":[{"count":1,"href":"https:\/\/radiowebmx.com\/nota\/wp-json\/wp\/v2\/posts\/27692\/revisions"}],"predecessor-version":[{"id":27694,"href":"https:\/\/radiowebmx.com\/nota\/wp-json\/wp\/v2\/posts\/27692\/revisions\/27694"}],"wp:featuredmedia":[{"embeddable":true,"href":"https:\/\/radiowebmx.com\/nota\/wp-json\/wp\/v2\/media\/27693"}],"wp:attachment":[{"href":"https:\/\/radiowebmx.com\/nota\/wp-json\/wp\/v2\/media?parent=27692"}],"wp:term":[{"taxonomy":"category","embeddable":true,"href":"https:\/\/radiowebmx.com\/nota\/wp-json\/wp\/v2\/categories?post=27692"},{"taxonomy":"post_tag","embeddable":true,"href":"https:\/\/radiowebmx.com\/nota\/wp-json\/wp\/v2\/tags?post=27692"}],"curies":[{"name":"wp","href":"https:\/\/api.w.org\/{rel}","templated":true}]}}