{"id":27689,"date":"2016-11-15T10:59:45","date_gmt":"2016-11-15T16:59:45","guid":{"rendered":"https:\/\/radiowebmx.com\/nota\/?p=27689"},"modified":"2016-11-15T10:59:45","modified_gmt":"2016-11-15T16:59:45","slug":"a-partir-de-hoy-los-nombres-de-las-y-los-beneficiarios-de-beca-futuro-2016-2017","status":"publish","type":"post","link":"https:\/\/radiowebmx.com\/nota\/a-partir-de-hoy-los-nombres-de-las-y-los-beneficiarios-de-beca-futuro-2016-2017\/","title":{"rendered":"A partir de hoy, los nombres de las y los beneficiarios de Beca Futuro 2016-2017"},"content":{"rendered":"<p><img loading=\"lazy\" decoding=\"async\" class=\"alignleft size-full wp-image-27690\" src=\"https:\/\/radiowebmx.com\/nota\/wp-content\/uploads\/2016\/11\/2d563493-7485-4bb7-8a8f-f3136811c9fb.jpg\" alt=\"2d563493-7485-4bb7-8a8f-f3136811c9fb\" width=\"709\" height=\"472\" srcset=\"https:\/\/radiowebmx.com\/nota\/wp-content\/uploads\/2016\/11\/2d563493-7485-4bb7-8a8f-f3136811c9fb.jpg 709w, https:\/\/radiowebmx.com\/nota\/wp-content\/uploads\/2016\/11\/2d563493-7485-4bb7-8a8f-f3136811c9fb-300x200.jpg 300w\" sizes=\"auto, (max-width: 709px) 100vw, 709px\" \/><\/p>\n<p><strong>Morelia, Michoac\u00e1n, a 15 de noviembre de 2016.-<\/strong>\u00a0Este martes 15 de noviembre empezar\u00e1n a publicarse los nombres de las y los beneficiarios de la segunda etapa del programa Beca Futuro, correspondiente al ciclo escolar 2016-2017, anunci\u00f3 la titular de la Secretar\u00eda de Pol\u00edtica Social (Sepsol), Miriam Tinoco Soto.<\/p>\n<p>Puntualiz\u00f3 que todo aquel aspirante a obtener Beca Futuro debe consultar a partir de hoy al sitio web\u00a0<a href=\"http:\/\/gob.us11.list-manage1.com\/track\/click?u=c3679d81029880892ab85d106&amp;id=c63789e0d6&amp;e=c908f73b11\" target=\"_blank\">http:\/\/becafuturo.michoacan.gob.mx<\/a>\u00a0-donde se publicar\u00e1n de manera paulatina los nombres de las y los beneficiarios- e ingresar su Clave \u00danica de Registro de Poblaci\u00f3n (CURP).<\/p>\n<p>&#8220;Invito a todas y todos los aspirantes a estar pendientes de las publicaciones de nombres de beneficiarias y beneficiarios de Beca Futuro, los cuales empezar\u00e1n a difundirse a partir de este martes 15 de noviembre y se ir\u00e1n complementando hasta el d\u00eda 30, por lo que los aspirantes deben estar pendientes de las actualizaciones&#8221;, subray\u00f3.<\/p>\n<p>Cabe recordar que en esta segunda etapa se otorgar\u00e1n hasta 50 mil apoyos durante ocho meses, en beneficio de estudiantes de secundaria, preparatoria y licenciatura, por montos de mil, mil 200 y mil 500 pesos, respectivamente.<\/p>\n<p>Beca Futuro es el programa del Gobierno del Estado, que encabeza el Gobernador Silvano Aureoles Conejo, para apoyar a las y los j\u00f3venes michoacanos con el objetivo abatir la deserci\u00f3n escolar para que la entidad alcance mejores niveles de bienestar.<\/p>\n","protected":false},"excerpt":{"rendered":"<p>Este martes 15 de noviembre empezar\u00e1n a publicarse los nombres de las y los beneficiarios de la segunda etapa del programa Beca Futuro, correspondiente al ciclo escolar 2016-2017, anunci\u00f3 la titular de la Secretar\u00eda de Pol\u00edtica Social (Sepsol), Miriam Tinoco Soto.<\/p>\n","protected":false},"author":1,"featured_media":27690,"comment_status":"open","ping_status":"open","sticky":false,"template":"","format":"standard","meta":{"footnotes":""},"categories":[14,3],"tags":[],"class_list":["post-27689","post","type-post","status-publish","format-standard","has-post-thumbnail","hentry","category-destacadas","category-gobierno-del-estado-de-michoacan"],"_links":{"self":[{"href":"https:\/\/radiowebmx.com\/nota\/wp-json\/wp\/v2\/posts\/27689","targetHints":{"allow":["GET"]}}],"collection":[{"href":"https:\/\/radiowebmx.com\/nota\/wp-json\/wp\/v2\/posts"}],"about":[{"href":"https:\/\/radiowebmx.com\/nota\/wp-json\/wp\/v2\/types\/post"}],"author":[{"embeddable":true,"href":"https:\/\/radiowebmx.com\/nota\/wp-json\/wp\/v2\/users\/1"}],"replies":[{"embeddable":true,"href":"https:\/\/radiowebmx.com\/nota\/wp-json\/wp\/v2\/comments?post=27689"}],"version-history":[{"count":1,"href":"https:\/\/radiowebmx.com\/nota\/wp-json\/wp\/v2\/posts\/27689\/revisions"}],"predecessor-version":[{"id":27691,"href":"https:\/\/radiowebmx.com\/nota\/wp-json\/wp\/v2\/posts\/27689\/revisions\/27691"}],"wp:featuredmedia":[{"embeddable":true,"href":"https:\/\/radiowebmx.com\/nota\/wp-json\/wp\/v2\/media\/27690"}],"wp:attachment":[{"href":"https:\/\/radiowebmx.com\/nota\/wp-json\/wp\/v2\/media?parent=27689"}],"wp:term":[{"taxonomy":"category","embeddable":true,"href":"https:\/\/radiowebmx.com\/nota\/wp-json\/wp\/v2\/categories?post=27689"},{"taxonomy":"post_tag","embeddable":true,"href":"https:\/\/radiowebmx.com\/nota\/wp-json\/wp\/v2\/tags?post=27689"}],"curies":[{"name":"wp","href":"https:\/\/api.w.org\/{rel}","templated":true}]}}