{"id":27682,"date":"2016-11-15T10:43:30","date_gmt":"2016-11-15T16:43:30","guid":{"rendered":"https:\/\/radiowebmx.com\/nota\/?p=27682"},"modified":"2016-11-15T10:43:30","modified_gmt":"2016-11-15T16:43:30","slug":"gerencia-del-patrimonio-cultural-prepara-nuevo-rescate-de-barrios-en-cristo-rey-y-la-soterrana","status":"publish","type":"post","link":"https:\/\/radiowebmx.com\/nota\/gerencia-del-patrimonio-cultural-prepara-nuevo-rescate-de-barrios-en-cristo-rey-y-la-soterrana\/","title":{"rendered":"Gerencia del Patrimonio Cultural prepara nuevo \u201cRescate de Barrios\u201d en Cristo Rey y la Soterra\u00f1a"},"content":{"rendered":"<p><img loading=\"lazy\" decoding=\"async\" class=\"alignleft size-full wp-image-27683\" src=\"https:\/\/radiowebmx.com\/nota\/wp-content\/uploads\/2016\/11\/21ad2647-4a20-4f0b-a8a0-8a1436ae819b.jpg\" alt=\"21ad2647-4a20-4f0b-a8a0-8a1436ae819b\" width=\"709\" height=\"472\" srcset=\"https:\/\/radiowebmx.com\/nota\/wp-content\/uploads\/2016\/11\/21ad2647-4a20-4f0b-a8a0-8a1436ae819b.jpg 709w, https:\/\/radiowebmx.com\/nota\/wp-content\/uploads\/2016\/11\/21ad2647-4a20-4f0b-a8a0-8a1436ae819b-300x200.jpg 300w\" sizes=\"auto, (max-width: 709px) 100vw, 709px\" \/><\/p>\n<table class=\"x_mcnTextBlock\" border=\"0\" width=\"100%\" cellspacing=\"0\" cellpadding=\"0\">\n<tbody class=\"x_mcnTextBlockOuter\">\n<tr>\n<td class=\"x_mcnTextBlockInner\" valign=\"top\">\n<table class=\"x_mcnTextContentContainer\" border=\"0\" width=\"100%\" cellspacing=\"0\" cellpadding=\"0\" align=\"left\">\n<tbody>\n<tr>\n<td class=\"x_mcnTextContent\" valign=\"top\">\n<div>Ser\u00e1 el pr\u00f3ximo jueves 17 de noviembre fecha en la que el Ayuntamiento de Morelia a trav\u00e9s de la Gerencia del Patrimonio Cultural que encabeza Gaspar Hern\u00e1ndez Razo, llenar\u00e1 de cultura, historias, leyendas y m\u00fasica el jard\u00edn de la Soterra\u00f1a a partir de las 18:30 horas, mediante el programa \u201cRescate de Barrios\u201d.<\/p>\n<p>Lo anterior con el objetivo de llevar una oferta cultural a los diferentes sectores de la ciudad y conseguir que los morelianos, habitantes y colonos del barrio de Cristo Rey y la Soterra\u00f1a \u201cse sientan parte del lugar en el que crecieron y en donde tienen su hogar\u201d y lograr que cada vez sean m\u00e1s los ciudadanos comprometidos y vigilantes de resguardar el Patrimonio Cultural que Morelia guarda en todos sus rincones, fachadas y monumentos.<\/p>\n<p>Asimismo, el Director de Patrimonio Cultural, Juan Carlos Mata Garc\u00eda, estim\u00f3 que alrededor de mil 200 personas han podido acudir a estas actividades que se programan para el proyecto \u201cRescate de Barrios\u201d.<\/p>\n<p>Entre estas acciones se encontrar\u00e1n: una muestra pict\u00f3rica, una intervenci\u00f3n musical a cargo del ensamble juvenil \u201cMarfil y \u00c9bano\u201d, la narraci\u00f3n de cr\u00f3nicas y leyendas por parte de Sergio Armando Padilla Punzo y para el cierre del evento con la tradicional callejoneada por parte de la Tuna del Distrito Universitario de Michoac\u00e1n.<\/p>\n<p>Cabe mencionar que con estas labores el Ayuntamiento de Morelia fortalece la oferta cultural en el municipio a la par de dar a conocer toda la historia que encierran los inmuebles hist\u00f3ricos en el Primer Cuadro de la ciudad.<\/p><\/div>\n<\/td>\n<\/tr>\n<\/tbody>\n<\/table>\n<\/td>\n<\/tr>\n<\/tbody>\n<\/table>\n<table class=\"x_mcnTextBlock\" border=\"0\" width=\"100%\" cellspacing=\"0\" cellpadding=\"0\">\n<tbody class=\"x_mcnTextBlockOuter\">\n<tr>\n<td class=\"x_mcnTextBlockInner\" valign=\"top\"><\/td>\n<\/tr>\n<\/tbody>\n<\/table>\n","protected":false},"excerpt":{"rendered":"<p>Ser\u00e1 el pr\u00f3ximo jueves 17 de noviembre fecha en la que el Ayuntamiento de Morelia a trav\u00e9s de la Gerencia del Patrimonio Cultural que encabeza Gaspar Hern\u00e1ndez Razo, llenar\u00e1 de cultura, historias, leyendas y m\u00fasica el jard\u00edn de la Soterra\u00f1a a partir de las 18:30 horas, mediante el programa \u201cRescate de Barrios\u201d. Lo anterior con [&hellip;]<\/p>\n","protected":false},"author":1,"featured_media":27683,"comment_status":"open","ping_status":"open","sticky":false,"template":"","format":"standard","meta":{"footnotes":""},"categories":[14,9],"tags":[],"class_list":["post-27682","post","type-post","status-publish","format-standard","has-post-thumbnail","hentry","category-destacadas","category-morelia"],"_links":{"self":[{"href":"https:\/\/radiowebmx.com\/nota\/wp-json\/wp\/v2\/posts\/27682","targetHints":{"allow":["GET"]}}],"collection":[{"href":"https:\/\/radiowebmx.com\/nota\/wp-json\/wp\/v2\/posts"}],"about":[{"href":"https:\/\/radiowebmx.com\/nota\/wp-json\/wp\/v2\/types\/post"}],"author":[{"embeddable":true,"href":"https:\/\/radiowebmx.com\/nota\/wp-json\/wp\/v2\/users\/1"}],"replies":[{"embeddable":true,"href":"https:\/\/radiowebmx.com\/nota\/wp-json\/wp\/v2\/comments?post=27682"}],"version-history":[{"count":1,"href":"https:\/\/radiowebmx.com\/nota\/wp-json\/wp\/v2\/posts\/27682\/revisions"}],"predecessor-version":[{"id":27684,"href":"https:\/\/radiowebmx.com\/nota\/wp-json\/wp\/v2\/posts\/27682\/revisions\/27684"}],"wp:featuredmedia":[{"embeddable":true,"href":"https:\/\/radiowebmx.com\/nota\/wp-json\/wp\/v2\/media\/27683"}],"wp:attachment":[{"href":"https:\/\/radiowebmx.com\/nota\/wp-json\/wp\/v2\/media?parent=27682"}],"wp:term":[{"taxonomy":"category","embeddable":true,"href":"https:\/\/radiowebmx.com\/nota\/wp-json\/wp\/v2\/categories?post=27682"},{"taxonomy":"post_tag","embeddable":true,"href":"https:\/\/radiowebmx.com\/nota\/wp-json\/wp\/v2\/tags?post=27682"}],"curies":[{"name":"wp","href":"https:\/\/api.w.org\/{rel}","templated":true}]}}