{"id":27672,"date":"2016-11-15T10:34:54","date_gmt":"2016-11-15T16:34:54","guid":{"rendered":"https:\/\/radiowebmx.com\/nota\/?p=27672"},"modified":"2016-11-15T10:34:54","modified_gmt":"2016-11-15T16:34:54","slug":"michoacan-apoya-a-la-ip-para-la-inversion-y-generacion-de-empleos-silvano-aureoles","status":"publish","type":"post","link":"https:\/\/radiowebmx.com\/nota\/michoacan-apoya-a-la-ip-para-la-inversion-y-generacion-de-empleos-silvano-aureoles\/","title":{"rendered":"Michoac\u00e1n apoya a la IP para la inversi\u00f3n y generaci\u00f3n de empleos: Silvano Aureoles"},"content":{"rendered":"<p><img loading=\"lazy\" decoding=\"async\" class=\"alignleft size-full wp-image-27673\" src=\"https:\/\/radiowebmx.com\/nota\/wp-content\/uploads\/2016\/11\/d771cb77-e39b-4eaa-92cc-2c6db0db6eaa.jpeg\" alt=\"d771cb77-e39b-4eaa-92cc-2c6db0db6eaa\" width=\"709\" height=\"472\" srcset=\"https:\/\/radiowebmx.com\/nota\/wp-content\/uploads\/2016\/11\/d771cb77-e39b-4eaa-92cc-2c6db0db6eaa.jpeg 709w, https:\/\/radiowebmx.com\/nota\/wp-content\/uploads\/2016\/11\/d771cb77-e39b-4eaa-92cc-2c6db0db6eaa-300x200.jpeg 300w\" sizes=\"auto, (max-width: 709px) 100vw, 709px\" \/><\/p>\n<p><strong>Morelia, Michoac\u00e1n, a 14 de noviembre de 2016.-<\/strong> Gracias al esfuerzo realizado por la presente administraci\u00f3n estatal que encabeza Silvano Aureoles Conejo, la Federaci\u00f3n a trav\u00e9s del Instituto Nacional del Emprendedor y el Gobierno de Michoac\u00e1n, entregaron este lunes recursos por el orden de los 28 millones de pesos para 14 proyectos de INADEM y PROSOFT que apoya a la innovaci\u00f3n y la tecnolog\u00eda.<\/p>\n<p>&nbsp;<\/p>\n<p>El Gobernador Constitucional, reiter\u00f3 su compromiso y respaldo a las Micro, Peque\u00f1as y Medianas Empresas, ya que representan m\u00e1s del 95 por ciento de las unidades econ\u00f3micas en la entidad y generan 7 de cada 10 empleos, por ello la importancia de brindarles las herramientas necesarias para mejorar su producci\u00f3n e incrementar sus ventas.<\/p>\n<p>&nbsp;<\/p>\n<p>Aureoles Conejo destac\u00f3 que fortalecer\u00e1 su apoyo a la Iniciativa Privada para impulsar la inversi\u00f3n y generar m\u00e1s fuentes de empleo.<\/p>\n<p>&nbsp;<\/p>\n<p>El jefe del\u00a0Poder Ejecutivo en Michoac\u00e1n, reconoci\u00f3 que a pesar de las dificultades financieras, el Gobierno a su cargo hace las gestiones y los esfuerzos necesarios para cumplir con las aportaciones correspondientes y con ello aprovechar los fondos nacionales, en beneficio del sector productivo local, lo que permitir\u00e1 avanzar en mayor desarrollo y crecimiento econ\u00f3mico para la entidad.<\/p>\n<p>&nbsp;<\/p>\n<p>\u201cCon \u00e9stas acciones mandamos un mensaje de certidumbre y confianza para que los empresarios locales, nacionales e internacionales tengan la seguridad de que Michoac\u00e1n es un estado con grandes potencialidades y oportunidades para invertir en sus negocios\u201d, asegur\u00f3 el mandatario estatal.<\/p>\n<p>&nbsp;<\/p>\n<p>En su intervenci\u00f3n, el secretario de Desarrollo Econ\u00f3mico en la entidad, Antonio Soto S\u00e1nchez, record\u00f3 que de acuerdo a datos del INEGI actualmente en Michoac\u00e1n existen 228 mil 322 unidades econ\u00f3micas, de las cuales, el 95.7 por ciento son micro empresas, el 3.6 son peque\u00f1as y el 0.6 por ciento son medianas.<\/p>\n<p>&nbsp;<\/p>\n<p>El funcionario estatal argument\u00f3 que las MIPyMES generan aproximadamente el 73 por ciento del empleo total en la entidad, sin embargo, su producci\u00f3n representa menos del 50 por ciento del producto total, por ello la importancia de impulsar la productividad mediante una constante vinculaci\u00f3n con la academia, para fortalecer\u00a0la innovaci\u00f3n con el desarrollo de nuevas herramientas y una adecuada transferencia tecnol\u00f3gica, ya que s\u00f3lo as\u00ed se lograr\u00e1 un impulso sostenido a la econom\u00eda estatal.<\/p>\n<p>&nbsp;<\/p>\n<p>Gracias a las estrategias impulsadas por el Gobierno Federal en conjunto con el estado, se incentiva y privilegia el desarrollo de la competitividad y la productividad de las empresas locales, as\u00ed como el fortalecimiento de una cultura emprendedora.<\/p>\n<p>&nbsp;<\/p>\n<p>El titular de la Sedeco explic\u00f3 que: \u201cHoy un total de 14 empresas michoacanas reciben el apoyo, en beneficio directo de 2 mil 221 empleos formales, que se traducen en una derrama econ\u00f3mica en m\u00e1s de 55 municipios de la entidad y fortalece al menos 10 cadenas productivas de los sectores agroindustriales, tecnol\u00f3gicos y de servicios\u201d.<\/p>\n<p>&nbsp;<\/p>\n<p>En representaci\u00f3n del titular del INADEM, Enrique Jacob, el delegado de la Secretar\u00eda de Econom\u00eda en Michoac\u00e1n, Salvador Abud Mirabent, reconoci\u00f3 el esfuerzo del Gobierno del Estado para cumplir con la aportaci\u00f3n de los recursos, los cuales han permitido potencializar la inversi\u00f3n para el desarrollo cient\u00edfico y tecnol\u00f3gico de proyectos locales.<\/p>\n<p>&nbsp;<\/p>\n<p>El funcionario federal, resalt\u00f3 que con los cerca de 30 millones de pesos en apoyos que hoy se entregaron, detonar\u00e1n una inversi\u00f3n superior a los 70 millones en beneficio de la econom\u00eda local.<\/p>\n<p>&nbsp;<\/p>\n<p>Abud Mirabent record\u00f3 que en lo que va de la presente administraci\u00f3n federal del Presidente Enrique Pe\u00f1a Nieto, han destinado al estado alrededor de 550 millones de pesos para 3 mil 600 proyectos productivos, de los cuales, tan s\u00f3lo en el 2016 suman m\u00e1s de 200 millones de pesos, sin embargo, esperan superar los 400 millones este a\u00f1o con la mezcla de recursos entre la federaci\u00f3n, el estado, los municipios y el sector privado.<\/p>\n<p>&nbsp;<\/p>\n<p>Algunos de los proyectos beneficiados este d\u00eda del Fondo INADEM y PROSOFT fueron la planta de producci\u00f3n de caucho derivado de neum\u00e1tico fuera de uso, la construcci\u00f3n y equipamiento para la fabricaci\u00f3n de aceite de aguacate, el fortalecimiento de la cadena de producci\u00f3n interna de \u201cCarnitas Carmelo\u201d, as\u00ed como la modernizaci\u00f3n de la infraestructura de la Universidad Tecnol\u00f3gica de Morelia y el desarrollo e implementaci\u00f3n del sistema Gesem versi\u00f3n\u00a0web, entre otras.<\/p>\n<p>&nbsp;<\/p>\n<p>A nombre de los empresarios beneficiarios, Luis Wilfrido Navarrete Virrueta, agradeci\u00f3 el apoyo del Gobierno del Estado y la Federaci\u00f3n para la entrega de estos recursos, al asegurar que el sector privado est\u00e1 comprometido con el desarrollo y crecimiento de la econom\u00eda en Michoac\u00e1n.<\/p>\n<p>&nbsp;<\/p>\n<p>En el evento tambi\u00e9n estuvieron presentes Jos\u00e9 Noguez Salda\u00f1a, delegado de la Secretar\u00eda del Trabajo y Previsi\u00f3n Social en la entidad; Jos\u00e9 Juan Dom\u00ednguez L\u00f3pez, secretario de Comunicaciones y Obras P\u00fablicas; Alfonso Villegas Garc\u00eda, subdelegado del Instituto Mexicano del Seguro Social en Michoac\u00e1n; Ireri Rivera Garc\u00eda, secretaria de Desarrollo Econ\u00f3mico y del Emprendedor de Morelia; Ricardo Bernal Vargas, presidente de la Asociaci\u00f3n de Industriales de Michoac\u00e1n; Enrique Martini Castillo, delegado de la Secretar\u00eda Gobernaci\u00f3n en el estado; Jos\u00e9 Luis Monta\u00f1ez Espinosa, secretario de Innovaci\u00f3n, Ciencia y Desarrollo Tecnol\u00f3gico; Luis Roberto Mantilla Sahag\u00fan, rector de la Universidad Latina de Am\u00e9rica, por mencionar algunos.<br \/>\n<img loading=\"lazy\" decoding=\"async\" class=\"alignleft size-full wp-image-27675\" src=\"https:\/\/radiowebmx.com\/nota\/wp-content\/uploads\/2016\/11\/544314f4-c176-41d6-b142-fc5f396f0a3b.jpeg\" alt=\"544314f4-c176-41d6-b142-fc5f396f0a3b\" width=\"709\" height=\"472\" srcset=\"https:\/\/radiowebmx.com\/nota\/wp-content\/uploads\/2016\/11\/544314f4-c176-41d6-b142-fc5f396f0a3b.jpeg 709w, https:\/\/radiowebmx.com\/nota\/wp-content\/uploads\/2016\/11\/544314f4-c176-41d6-b142-fc5f396f0a3b-300x200.jpeg 300w\" sizes=\"auto, (max-width: 709px) 100vw, 709px\" \/><\/p>\n<p><img loading=\"lazy\" decoding=\"async\" class=\"alignleft size-full wp-image-27674\" src=\"https:\/\/radiowebmx.com\/nota\/wp-content\/uploads\/2016\/11\/467cf252-d6d3-4da1-8029-7dfd262e97a5.jpeg\" alt=\"467cf252-d6d3-4da1-8029-7dfd262e97a5\" width=\"709\" height=\"472\" srcset=\"https:\/\/radiowebmx.com\/nota\/wp-content\/uploads\/2016\/11\/467cf252-d6d3-4da1-8029-7dfd262e97a5.jpeg 709w, https:\/\/radiowebmx.com\/nota\/wp-content\/uploads\/2016\/11\/467cf252-d6d3-4da1-8029-7dfd262e97a5-300x200.jpeg 300w\" sizes=\"auto, (max-width: 709px) 100vw, 709px\" \/><\/p>\n","protected":false},"excerpt":{"rendered":"<p>Gracias al esfuerzo realizado por la presente administraci\u00f3n estatal que encabeza Silvano Aureoles Conejo, la Federaci\u00f3n a trav\u00e9s del Instituto Nacional del Emprendedor y el Gobierno de Michoac\u00e1n, entregaron este lunes recursos por el orden de los 28 millones de pesos para 14 proyectos de INADEM y PROSOFT que apoya a la innovaci\u00f3n y la tecnolog\u00eda.<\/p>\n","protected":false},"author":1,"featured_media":27673,"comment_status":"open","ping_status":"open","sticky":false,"template":"","format":"standard","meta":{"footnotes":""},"categories":[14,3],"tags":[],"class_list":["post-27672","post","type-post","status-publish","format-standard","has-post-thumbnail","hentry","category-destacadas","category-gobierno-del-estado-de-michoacan"],"_links":{"self":[{"href":"https:\/\/radiowebmx.com\/nota\/wp-json\/wp\/v2\/posts\/27672","targetHints":{"allow":["GET"]}}],"collection":[{"href":"https:\/\/radiowebmx.com\/nota\/wp-json\/wp\/v2\/posts"}],"about":[{"href":"https:\/\/radiowebmx.com\/nota\/wp-json\/wp\/v2\/types\/post"}],"author":[{"embeddable":true,"href":"https:\/\/radiowebmx.com\/nota\/wp-json\/wp\/v2\/users\/1"}],"replies":[{"embeddable":true,"href":"https:\/\/radiowebmx.com\/nota\/wp-json\/wp\/v2\/comments?post=27672"}],"version-history":[{"count":1,"href":"https:\/\/radiowebmx.com\/nota\/wp-json\/wp\/v2\/posts\/27672\/revisions"}],"predecessor-version":[{"id":27676,"href":"https:\/\/radiowebmx.com\/nota\/wp-json\/wp\/v2\/posts\/27672\/revisions\/27676"}],"wp:featuredmedia":[{"embeddable":true,"href":"https:\/\/radiowebmx.com\/nota\/wp-json\/wp\/v2\/media\/27673"}],"wp:attachment":[{"href":"https:\/\/radiowebmx.com\/nota\/wp-json\/wp\/v2\/media?parent=27672"}],"wp:term":[{"taxonomy":"category","embeddable":true,"href":"https:\/\/radiowebmx.com\/nota\/wp-json\/wp\/v2\/categories?post=27672"},{"taxonomy":"post_tag","embeddable":true,"href":"https:\/\/radiowebmx.com\/nota\/wp-json\/wp\/v2\/tags?post=27672"}],"curies":[{"name":"wp","href":"https:\/\/api.w.org\/{rel}","templated":true}]}}