{"id":27663,"date":"2016-11-14T15:14:52","date_gmt":"2016-11-14T21:14:52","guid":{"rendered":"https:\/\/radiowebmx.com\/nota\/?p=27663"},"modified":"2016-11-14T15:14:52","modified_gmt":"2016-11-14T21:14:52","slug":"invierte-general-electric-20-mdd-en-michoacan","status":"publish","type":"post","link":"https:\/\/radiowebmx.com\/nota\/invierte-general-electric-20-mdd-en-michoacan\/","title":{"rendered":"Invierte General Electric 20 mdd en Michoac\u00e1n"},"content":{"rendered":"<p><img loading=\"lazy\" decoding=\"async\" class=\"alignleft size-full wp-image-27664\" src=\"https:\/\/radiowebmx.com\/nota\/wp-content\/uploads\/2016\/11\/209af333-2199-4dc3-8c6b-bb7f11dfc846.jpeg\" alt=\"209af333-2199-4dc3-8c6b-bb7f11dfc846\" width=\"709\" height=\"491\" srcset=\"https:\/\/radiowebmx.com\/nota\/wp-content\/uploads\/2016\/11\/209af333-2199-4dc3-8c6b-bb7f11dfc846.jpeg 709w, https:\/\/radiowebmx.com\/nota\/wp-content\/uploads\/2016\/11\/209af333-2199-4dc3-8c6b-bb7f11dfc846-300x208.jpeg 300w\" sizes=\"auto, (max-width: 709px) 100vw, 709px\" \/><\/p>\n<p><strong>Morelia, Michoac\u00e1n, a 14 de noviembre de 2016.-<\/strong> Por la ubicaci\u00f3n estrat\u00e9gica de Michoac\u00e1n y competitividad econ\u00f3mica a nivel nacional, el Gobernador Constitucional <span id=\"0.17112862829361197\" class=\"highlight\">Silvano<\/span> Aureoles Conejo y el director de general de General Electric Power Services, Eduardo Quirarte Robert, firmaron el convenio de colaboraci\u00f3n para la instalaci\u00f3n en la capital del estado, del Centro de Servicios de General Electric para M\u00e9xico y Am\u00e9rica Latina, en el que se invertir\u00e1n 20 millones de d\u00f3lares y en los pr\u00f3ximos tres a\u00f1os se generar\u00e1n 200 empleos calificados directos.<\/p>\n<p>&nbsp;<\/p>\n<p>En su mensaje, el mandatario estatal destac\u00f3 que con este tipo de noticias se elimina la percepci\u00f3n de riesgo de inversi\u00f3n en Michoac\u00e1n, lo que ayuda en la generaci\u00f3n de nuevos empleos para las y los michoacanos, lo que significa dar respuesta a una de las principales demandas en el estado.<\/p>\n<p>&nbsp;<\/p>\n<p><span id=\"0.5932857305073607\" class=\"highlight\">Silvano<\/span> Aureoles calific\u00f3 como positivo este tipo de anuncio para Michoac\u00e1n, pues se crean las condiciones para la inversi\u00f3n de la entidad, lo que se traduce en mayor seguridad, certidumbre y confianza.<\/p>\n<p>&nbsp;<\/p>\n<p>En este sentido, destac\u00f3 que el tema central de la administraci\u00f3n seguir\u00e1 siendo el binomio empleo \u2013 seguridad y &#8220;con ello rompemos el c\u00edrculo vicioso que nos limita la capacidad de crecimiento y desarrollo del estado&#8221;.<\/p>\n<p>&nbsp;<\/p>\n<p>De igual manera, el Gobernador de Michoac\u00e1n asegur\u00f3 que su administraci\u00f3n est\u00e1 ocupada en generar las condiciones adecuadas para las empresas que decidan invertir en la entidad, por lo que consider\u00f3 importante eliminar la tramitolog\u00eda y mejorar la atenci\u00f3n, para as\u00ed generar un mejor ambiente de negocios, tema en que es fundamental la capacitaci\u00f3n a quienes ofrecen servicios.<\/p>\n<p>&nbsp;<\/p>\n<p>Por lo anterior, reiter\u00f3 su disposici\u00f3n de acompa\u00f1ar las gestiones y procesos a empresas que busquen establecerse en Michoac\u00e1n y a las que se encuentran en la entidad.<\/p>\n<p>&nbsp;<\/p>\n<p>Eduardo Quirarte Robert, calific\u00f3 a este Centro de Servicios como \u00fanico en su tipo en M\u00e9xico. &#8220;Tendr\u00e1 un gran impacto social y econ\u00f3mico tanto en el pa\u00eds como en Am\u00e9rica Latina&#8221;.<\/p>\n<p>&nbsp;<\/p>\n<p>Explic\u00f3 que a nivel mundial ofrecen mantenimiento a grandes generadores de electricidad. En M\u00e9xico cuentan con 40 contratos con la Comisi\u00f3n Federal de Electricidad (CFE), Iberdrola, Gas Natural, entre otras.<\/p>\n<p>&nbsp;<\/p>\n<p>&#8220;El reto es grande; nuestros clientes necesitan mayor especializaci\u00f3n y que los tiempos se realicen en el mayor tiempo posible sus preparaciones&#8221;, explic\u00f3.<\/p>\n<p>&nbsp;<\/p>\n<p>El secretario de Desarrollo Econ\u00f3mico, Antonio Soto S\u00e1nchez mencion\u00f3 que Michoac\u00e1n es un lugar propicio para el desarrollo y consolidaci\u00f3n de negocios, toda vez que su ubicaci\u00f3n estrat\u00e9gica a nivel nacional, le permite el acceso al 60 por ciento del mercado de consumo del pa\u00eds.<\/p>\n<p>&nbsp;<\/p>\n<p>De igual manera, se\u00f1al\u00f3 que Morelia, de acuerdo a datos del Instituto Nacional de Competitividad, se coloca como la segunda ciudad m\u00e1s competitiva y sustentable del pa\u00eds dentro de su categor\u00eda -poblaci\u00f3n de entre 500 mil y 1 mill\u00f3n de habitantes-.<\/p>\n<p>&nbsp;<\/p>\n<p>Destac\u00f3 las pol\u00edticas p\u00fablicas que en la materia ha implementado el Gobierno del Estado, lo que permitido que el estado se transforme en un lugar atractivo para la inversi\u00f3n, como han sido las reformas a la Ley de Desarrollo Econ\u00f3mico; la iniciativa de Ley de Mejora Regulatoria; la implementaci\u00f3n de la Firma Electr\u00f3nica en la administraci\u00f3n p\u00fablica estatal, entre otras.<\/p>\n<p>&nbsp;<\/p>\n<p>\u201cEste centro de servicios dar\u00e1 atenci\u00f3n a M\u00e9xico y Am\u00e9rica Latina, colocando una vez m\u00e1s a Michoac\u00e1n como un importante centro log\u00edstico para el comercio internacional\u201d, afirm\u00f3.<\/p>\n<p>&nbsp;<\/p>\n<p>Es importante destacar que en este Centro de Servicios se ubicar\u00e1 en Morelia y utilizar\u00e1 tecnolog\u00eda especializada y de gama alta para el servicio y alineaci\u00f3n de turbinas de vapor y generadores; se realizar\u00e1n trabajos de maquinado y de balanceo de alta velocidad para rotores de vapor y generadores de electricidad. Servicio que se ofrecer\u00e1 para M\u00e9xico y toda Am\u00e9rica Latina.<\/p>\n<p>&nbsp;<\/p>\n<p>Estuvieron presentes en esta firma de convenio el secretario de Comunicaciones y Obras P\u00fablicas, Jos\u00e9 Juan Dom\u00ednguez L\u00f3pez; el delegado de la Secretar\u00eda de Gobernaci\u00f3n, Enrique Martini Castillo; el delegado de la Secretar\u00eda de Trabajo y Previsi\u00f3n Social, Jos\u00e9 Noguez Salda\u00f1a; el director ejecutivo de Asuntos Gubernamentales y Pol\u00edticas P\u00fablicas, Salvador Led\u00f3n Mac\u00edas; el delegado de Econom\u00eda, Salvador Abud Mirabent; la secretaria de Desarrollo Econ\u00f3mico y Emprendedor de Morelia, Ireri Rivera Garc\u00eda, as\u00ed como diversas autoridades de los tres \u00f3rdenes de gobierno.<\/p>\n<p><img loading=\"lazy\" decoding=\"async\" class=\"alignleft size-full wp-image-27665\" src=\"https:\/\/radiowebmx.com\/nota\/wp-content\/uploads\/2016\/11\/bf5f6d24-51b3-4c45-b230-0fee8c57fa20.jpeg\" alt=\"bf5f6d24-51b3-4c45-b230-0fee8c57fa20\" width=\"709\" height=\"472\" srcset=\"https:\/\/radiowebmx.com\/nota\/wp-content\/uploads\/2016\/11\/bf5f6d24-51b3-4c45-b230-0fee8c57fa20.jpeg 709w, https:\/\/radiowebmx.com\/nota\/wp-content\/uploads\/2016\/11\/bf5f6d24-51b3-4c45-b230-0fee8c57fa20-300x200.jpeg 300w\" sizes=\"auto, (max-width: 709px) 100vw, 709px\" \/><\/p>\n","protected":false},"excerpt":{"rendered":"<p>Por la ubicaci\u00f3n estrat\u00e9gica de Michoac\u00e1n y competitividad econ\u00f3mica a nivel nacional, el Gobernador Constitucional Silvano Aureoles Conejo y el director de general de General Electric Power Services, Eduardo Quirarte Robert, firmaron el convenio de colaboraci\u00f3n para la instalaci\u00f3n en la capital del estado<\/p>\n","protected":false},"author":1,"featured_media":27664,"comment_status":"open","ping_status":"open","sticky":false,"template":"","format":"standard","meta":{"footnotes":""},"categories":[14,3],"tags":[],"class_list":["post-27663","post","type-post","status-publish","format-standard","has-post-thumbnail","hentry","category-destacadas","category-gobierno-del-estado-de-michoacan"],"_links":{"self":[{"href":"https:\/\/radiowebmx.com\/nota\/wp-json\/wp\/v2\/posts\/27663","targetHints":{"allow":["GET"]}}],"collection":[{"href":"https:\/\/radiowebmx.com\/nota\/wp-json\/wp\/v2\/posts"}],"about":[{"href":"https:\/\/radiowebmx.com\/nota\/wp-json\/wp\/v2\/types\/post"}],"author":[{"embeddable":true,"href":"https:\/\/radiowebmx.com\/nota\/wp-json\/wp\/v2\/users\/1"}],"replies":[{"embeddable":true,"href":"https:\/\/radiowebmx.com\/nota\/wp-json\/wp\/v2\/comments?post=27663"}],"version-history":[{"count":1,"href":"https:\/\/radiowebmx.com\/nota\/wp-json\/wp\/v2\/posts\/27663\/revisions"}],"predecessor-version":[{"id":27666,"href":"https:\/\/radiowebmx.com\/nota\/wp-json\/wp\/v2\/posts\/27663\/revisions\/27666"}],"wp:featuredmedia":[{"embeddable":true,"href":"https:\/\/radiowebmx.com\/nota\/wp-json\/wp\/v2\/media\/27664"}],"wp:attachment":[{"href":"https:\/\/radiowebmx.com\/nota\/wp-json\/wp\/v2\/media?parent=27663"}],"wp:term":[{"taxonomy":"category","embeddable":true,"href":"https:\/\/radiowebmx.com\/nota\/wp-json\/wp\/v2\/categories?post=27663"},{"taxonomy":"post_tag","embeddable":true,"href":"https:\/\/radiowebmx.com\/nota\/wp-json\/wp\/v2\/tags?post=27663"}],"curies":[{"name":"wp","href":"https:\/\/api.w.org\/{rel}","templated":true}]}}