{"id":27653,"date":"2016-11-14T14:09:05","date_gmt":"2016-11-14T20:09:05","guid":{"rendered":"https:\/\/radiowebmx.com\/nota\/?p=27653"},"modified":"2016-11-14T14:09:05","modified_gmt":"2016-11-14T20:09:05","slug":"dif-michoacan-busca-integrar-socialmente-a-las-personas-con-discapacidad","status":"publish","type":"post","link":"https:\/\/radiowebmx.com\/nota\/dif-michoacan-busca-integrar-socialmente-a-las-personas-con-discapacidad\/","title":{"rendered":"DIF Michoac\u00e1n busca integrar socialmente a las personas con discapacidad"},"content":{"rendered":"<p><img loading=\"lazy\" decoding=\"async\" class=\"alignleft size-full wp-image-27654\" src=\"https:\/\/radiowebmx.com\/nota\/wp-content\/uploads\/2016\/11\/0f18f0b5-bd36-4a47-8b3d-ae00f2f2cb96.jpg\" alt=\"0f18f0b5-bd36-4a47-8b3d-ae00f2f2cb96\" width=\"709\" height=\"473\" srcset=\"https:\/\/radiowebmx.com\/nota\/wp-content\/uploads\/2016\/11\/0f18f0b5-bd36-4a47-8b3d-ae00f2f2cb96.jpg 709w, https:\/\/radiowebmx.com\/nota\/wp-content\/uploads\/2016\/11\/0f18f0b5-bd36-4a47-8b3d-ae00f2f2cb96-300x200.jpg 300w\" sizes=\"auto, (max-width: 709px) 100vw, 709px\" \/><\/p>\n<p><strong>Morelia, Michoac\u00e1n, a 14 de noviembre de 2016<\/strong>.- Con la finalidad de brindar herramientas para que las personas con una discapacidad motriz y que usan silla de ruedas puedan integrarse socialmente, el Sistema para el Desarrollo Integral de la Familia (DIF) Michoac\u00e1n, en coordinaci\u00f3n con una asociaci\u00f3n civil impartieron el curso taller \u201cVida Independiente\u201d.<\/p>\n<p>La Directora General del Sistema DIF Michoac\u00e1n, Roc\u00edo Beamonte Romero fue la encargada de la apertura del Curso Taller y resalt\u00f3 el empe\u00f1o y el apoyo de la Asociaci\u00f3n Civil \u201cVida Independiente\u201d, ya que su visi\u00f3n y servicios son para todas las personas, \u201cnos ayudan a transformar vidas, el cambiar los h\u00e1bitos y la mentalidad de decir yo no puedo, nos ense\u00f1an a decir s\u00ed se puede, la rehabilitaci\u00f3n no solo es f\u00edsica, sino tambi\u00e9n tiene que haber una rehabilitaci\u00f3n del coraz\u00f3n y de cambiar costumbres y romper paradigmas\u201d.<\/p>\n<p>En este tenor, la directora general del Sistema DIF Michoac\u00e1n, exhort\u00f3 a los participantes a que aprovechen este taller de capacitaci\u00f3n para que se conviertan en actores de cambio y que los conocimientos adquiridos sean multiplicados y con ello logren cambiar la vida de m\u00e1s personas: \u201cSe necesita mucha actitud, el tener una discapacidad no te limita, hoy van a aprender c\u00f3mo ser independientes y con ello ayudar a sus familias para poder tener una inclusi\u00f3n social de manera permanente\u201d, puntualiz\u00f3.<\/p>\n<p>Santiago Vel\u00e1zquez Duarte, presidente Nacional de la Asociaci\u00f3n Civil Vida Independiente M\u00e9xico, encargado de impartir el curso-taller afirm\u00f3 que el objetivo de esta capacitaci\u00f3n es dotar de herramientas a las personas con discapacidad\u00a0 para lograr tener una rehabilitaci\u00f3n integral y lograr un\u00a0 proyecto de vida, con un trabajo y una metodolog\u00eda multidisciplinaria que permita a cada paciente ser independiente.<\/p>\n<p>En este sentido, Vel\u00e1zquez Duarte refiri\u00f3 que el Sistema DIF Michoac\u00e1n cuenta con el apoyo y el equipo de trabajo de la asociaci\u00f3n Vida Independiente, por lo que las personas con discapacidad van a lograr ser agentes de cambio y multiplicadores de rehabilitaci\u00f3n, \u201cvamos a sembrar la semilla en cada uno y a quitar lozas, vamos a ense\u00f1arles a decir s\u00ed se puede y que lo hagan posible\u201d.<\/p>\n<p>En su oportunidad, el Director del Centro de Rehabilitaci\u00f3n y Educaci\u00f3n Especial (CREE), Adri\u00e1n Moreno Ortega afirm\u00f3 que ha sido una encomienda de la actual administraci\u00f3n el brindar los servicios y las herramientas que permitan que las personas con discapacidad tengan mejores condiciones de vida.<\/p>\n<p>El Curso Taller \u201cVida Independiente\u201d tiene el objetivo de facilitar el entrenamiento emocional y f\u00edsico por parte de un equipo especializado de instructores quienes comparten con el resto de participantes sus habilidades en el manejo de la silla de ruedas, conocimientos pr\u00e1cticos para la inclusi\u00f3n y experiencias personales de vida.<\/p>\n<p>En esta capacitaci\u00f3n las personas con discapacidad motriz que requieren una silla de ruedas aprenden diferentes t\u00e9cnicas para desplazarse, iniciando con un acondicionamiento f\u00edsico y conocimientos como: Dos puntos en rampa, dos puntos en terreno plano, manejo de silla de ruedas bajando escalera, manejo de sillas de ruedas practicando ca\u00eddas, aprender a levantarse del piso a la silla y viceversa, c\u00f3mo desplazarse de una silla normal a una silla de ruedas, c\u00f3mo circular en un terreno irregular y c\u00f3mo pasar topes en las calles, as\u00ed como desplazarse en rampas mal construidas, entre otros.<\/p>\n<p><img loading=\"lazy\" decoding=\"async\" class=\"alignleft size-full wp-image-27655\" src=\"https:\/\/radiowebmx.com\/nota\/wp-content\/uploads\/2016\/11\/2f7738b8-8574-4b5c-a114-8fe7722a3472.jpg\" alt=\"2f7738b8-8574-4b5c-a114-8fe7722a3472\" width=\"709\" height=\"473\" srcset=\"https:\/\/radiowebmx.com\/nota\/wp-content\/uploads\/2016\/11\/2f7738b8-8574-4b5c-a114-8fe7722a3472.jpg 709w, https:\/\/radiowebmx.com\/nota\/wp-content\/uploads\/2016\/11\/2f7738b8-8574-4b5c-a114-8fe7722a3472-300x200.jpg 300w\" sizes=\"auto, (max-width: 709px) 100vw, 709px\" \/><\/p>\n","protected":false},"excerpt":{"rendered":"<p>Con la finalidad de brindar herramientas para que las personas con una discapacidad motriz y que usan silla de ruedas puedan integrarse socialmente, el Sistema para el Desarrollo Integral de la Familia (DIF) Michoac\u00e1n, en coordinaci\u00f3n con una asociaci\u00f3n civil impartieron el curso taller \u201cVida Independiente\u201d.<\/p>\n","protected":false},"author":1,"featured_media":27654,"comment_status":"open","ping_status":"open","sticky":false,"template":"","format":"standard","meta":{"footnotes":""},"categories":[14,3],"tags":[],"class_list":["post-27653","post","type-post","status-publish","format-standard","has-post-thumbnail","hentry","category-destacadas","category-gobierno-del-estado-de-michoacan"],"_links":{"self":[{"href":"https:\/\/radiowebmx.com\/nota\/wp-json\/wp\/v2\/posts\/27653","targetHints":{"allow":["GET"]}}],"collection":[{"href":"https:\/\/radiowebmx.com\/nota\/wp-json\/wp\/v2\/posts"}],"about":[{"href":"https:\/\/radiowebmx.com\/nota\/wp-json\/wp\/v2\/types\/post"}],"author":[{"embeddable":true,"href":"https:\/\/radiowebmx.com\/nota\/wp-json\/wp\/v2\/users\/1"}],"replies":[{"embeddable":true,"href":"https:\/\/radiowebmx.com\/nota\/wp-json\/wp\/v2\/comments?post=27653"}],"version-history":[{"count":1,"href":"https:\/\/radiowebmx.com\/nota\/wp-json\/wp\/v2\/posts\/27653\/revisions"}],"predecessor-version":[{"id":27656,"href":"https:\/\/radiowebmx.com\/nota\/wp-json\/wp\/v2\/posts\/27653\/revisions\/27656"}],"wp:featuredmedia":[{"embeddable":true,"href":"https:\/\/radiowebmx.com\/nota\/wp-json\/wp\/v2\/media\/27654"}],"wp:attachment":[{"href":"https:\/\/radiowebmx.com\/nota\/wp-json\/wp\/v2\/media?parent=27653"}],"wp:term":[{"taxonomy":"category","embeddable":true,"href":"https:\/\/radiowebmx.com\/nota\/wp-json\/wp\/v2\/categories?post=27653"},{"taxonomy":"post_tag","embeddable":true,"href":"https:\/\/radiowebmx.com\/nota\/wp-json\/wp\/v2\/tags?post=27653"}],"curies":[{"name":"wp","href":"https:\/\/api.w.org\/{rel}","templated":true}]}}