{"id":27650,"date":"2016-11-14T14:01:01","date_gmt":"2016-11-14T20:01:01","guid":{"rendered":"https:\/\/radiowebmx.com\/nota\/?p=27650"},"modified":"2016-11-14T14:01:01","modified_gmt":"2016-11-14T20:01:01","slug":"alistan-see-y-cecufid-desfile-civico-deportivo-del-20-de-noviembre","status":"publish","type":"post","link":"https:\/\/radiowebmx.com\/nota\/alistan-see-y-cecufid-desfile-civico-deportivo-del-20-de-noviembre\/","title":{"rendered":"Alistan SEE y Cecufid desfile c\u00edvico deportivo del 20 de noviembre"},"content":{"rendered":"<p><img loading=\"lazy\" decoding=\"async\" class=\"alignleft size-full wp-image-27651\" src=\"https:\/\/radiowebmx.com\/nota\/wp-content\/uploads\/2016\/11\/eb94b7b6-bc6b-44f6-8206-99205a58ef63.jpg\" alt=\"eb94b7b6-bc6b-44f6-8206-99205a58ef63\" width=\"709\" height=\"472\" srcset=\"https:\/\/radiowebmx.com\/nota\/wp-content\/uploads\/2016\/11\/eb94b7b6-bc6b-44f6-8206-99205a58ef63.jpg 709w, https:\/\/radiowebmx.com\/nota\/wp-content\/uploads\/2016\/11\/eb94b7b6-bc6b-44f6-8206-99205a58ef63-300x200.jpg 300w\" sizes=\"auto, (max-width: 709px) 100vw, 709px\" \/><\/p>\n<p><strong>Morelia, Michoac\u00e1n, a 14 de noviembre de 2016.- <\/strong>\u00a0En el marco de la conmemoraci\u00f3n del 106 aniversario del inicio de la Revoluci\u00f3n Mexicana, la Secretar\u00eda de Educaci\u00f3n en el Estado (SEE) y la Comisi\u00f3n Estatal de Cultura F\u00edsica y Deporte (Cecufid), alistan l\u00edneas de trabajo para la realizaci\u00f3n del desfile c\u00edvico deportivo del 20 de noviembre.<\/p>\n<p>En sesi\u00f3n de trabajo encabezado por el titular de la SEE, Alberto Frutis Sol\u00eds, y la directora general de la Cecufid, Edna D\u00edaz Acevedo, se definieron los lineamientos y log\u00edstica para el desarrollo de esta actividad, que contar\u00e1 con la participaci\u00f3n de diversas instituciones desde el nivel inicial hasta el nivel superior.<\/p>\n<p>Al respecto, Frutis Sol\u00eds instruy\u00f3 a su equipo de colaboradores a redoblar esfuerzos y realizar un trabajo coordinado con la Cecufid, a fin de que la fiesta c\u00edvico deportiva se realice sin contratiempos.<\/p>\n<p>Frutis Sol\u00eds conmin\u00f3 a los responsables a articular un trabajo activo y din\u00e1mico que logre la participaci\u00f3n exitosa e innovadora de las escuelas de la entidad.<\/p>\n<p>En su oportunidad, D\u00edaz Acevedo invit\u00f3 a las escuelas que no se han registrado a inscribirse y ser parte de la conmemoraci\u00f3n de los festejos por el 106 aniversario de la Revoluci\u00f3n Mexicana.<\/p>\n<p>Ambos funcionarios refrendaron que existen garant\u00edas de seguridad para que las familias asistan y disfruten de la exhibici\u00f3n c\u00edvico deportiva a cargo de los contingentes que participar\u00e1n en esta celebraci\u00f3n de la gesta heroica.<\/p>\n<p>Cabe recordar que el desfile se llevar\u00e1 a cabo en la capital michoacana a partir de las 11:00 horas y dar\u00e1 inicio en el Jard\u00edn de Villalong\u00edn, el cual tiene la finalidad de recordar a ni\u00f1as, ni\u00f1os, j\u00f3venes y ciudadanos en general los hechos m\u00e1s sobresalientes de la Revoluci\u00f3n Mexicana.<\/p>\n<p>Por lo anterior, se recuerda a las instituciones educativas de nivel b\u00e1sico, inicial, preescolar, especial, primaria y secundaria, que las inscripciones para su participaci\u00f3n estar\u00e1n abiertas hasta el jueves 17 del presente mes en la Direcci\u00f3n de Educaci\u00f3n F\u00edsica, ubicada en las oficinas centrales de la SEE, de 08:00 a 15:00 horas.<\/p>\n<p>Los contingentes participantes competir\u00e1n en tablas gimn\u00e1sticas, carros aleg\u00f3ricos y pir\u00e1mides sobre la marcha, a fin de recrear pasajes hist\u00f3ricos del movimiento revolucionario.<\/p>\n<p>La Cecufid, a trav\u00e9s de la SEE, premiar\u00e1 a los ganadores otorg\u00e1ndoles un paquete de material deportivo y\/o did\u00e1ctico a los tres primeros lugares de cada categor\u00eda y modalidad que entren en concurso, misma que se llevar\u00e1 a efecto en el mes de diciembre de 2016 a las en las instalaciones de la Cecufid.<\/p>\n","protected":false},"excerpt":{"rendered":"<p>En el marco de la conmemoraci\u00f3n del 106 aniversario del inicio de la Revoluci\u00f3n Mexicana, la Secretar\u00eda de Educaci\u00f3n en el Estado (SEE) y la Comisi\u00f3n Estatal de Cultura F\u00edsica y Deporte (Cecufid), alistan l\u00edneas de trabajo para la realizaci\u00f3n del desfile c\u00edvico deportivo del 20 de noviembre.<\/p>\n","protected":false},"author":1,"featured_media":27651,"comment_status":"open","ping_status":"open","sticky":false,"template":"","format":"standard","meta":{"footnotes":""},"categories":[14,3],"tags":[],"class_list":["post-27650","post","type-post","status-publish","format-standard","has-post-thumbnail","hentry","category-destacadas","category-gobierno-del-estado-de-michoacan"],"_links":{"self":[{"href":"https:\/\/radiowebmx.com\/nota\/wp-json\/wp\/v2\/posts\/27650","targetHints":{"allow":["GET"]}}],"collection":[{"href":"https:\/\/radiowebmx.com\/nota\/wp-json\/wp\/v2\/posts"}],"about":[{"href":"https:\/\/radiowebmx.com\/nota\/wp-json\/wp\/v2\/types\/post"}],"author":[{"embeddable":true,"href":"https:\/\/radiowebmx.com\/nota\/wp-json\/wp\/v2\/users\/1"}],"replies":[{"embeddable":true,"href":"https:\/\/radiowebmx.com\/nota\/wp-json\/wp\/v2\/comments?post=27650"}],"version-history":[{"count":1,"href":"https:\/\/radiowebmx.com\/nota\/wp-json\/wp\/v2\/posts\/27650\/revisions"}],"predecessor-version":[{"id":27652,"href":"https:\/\/radiowebmx.com\/nota\/wp-json\/wp\/v2\/posts\/27650\/revisions\/27652"}],"wp:featuredmedia":[{"embeddable":true,"href":"https:\/\/radiowebmx.com\/nota\/wp-json\/wp\/v2\/media\/27651"}],"wp:attachment":[{"href":"https:\/\/radiowebmx.com\/nota\/wp-json\/wp\/v2\/media?parent=27650"}],"wp:term":[{"taxonomy":"category","embeddable":true,"href":"https:\/\/radiowebmx.com\/nota\/wp-json\/wp\/v2\/categories?post=27650"},{"taxonomy":"post_tag","embeddable":true,"href":"https:\/\/radiowebmx.com\/nota\/wp-json\/wp\/v2\/tags?post=27650"}],"curies":[{"name":"wp","href":"https:\/\/api.w.org\/{rel}","templated":true}]}}