{"id":27645,"date":"2016-11-14T13:07:53","date_gmt":"2016-11-14T19:07:53","guid":{"rendered":"https:\/\/radiowebmx.com\/nota\/?p=27645"},"modified":"2016-11-14T13:07:53","modified_gmt":"2016-11-14T19:07:53","slug":"refrenda-gobierno-del-estado-compromiso-con-tlalpujahua","status":"publish","type":"post","link":"https:\/\/radiowebmx.com\/nota\/refrenda-gobierno-del-estado-compromiso-con-tlalpujahua\/","title":{"rendered":"Refrenda Gobierno del Estado compromiso con Tlalpujahua"},"content":{"rendered":"<p><img loading=\"lazy\" decoding=\"async\" class=\"alignleft size-full wp-image-27646\" src=\"https:\/\/radiowebmx.com\/nota\/wp-content\/uploads\/2016\/11\/104eb1e4-5933-486c-9942-e6f3abd8ea91.jpg\" alt=\"104eb1e4-5933-486c-9942-e6f3abd8ea91\" width=\"709\" height=\"531\" srcset=\"https:\/\/radiowebmx.com\/nota\/wp-content\/uploads\/2016\/11\/104eb1e4-5933-486c-9942-e6f3abd8ea91.jpg 709w, https:\/\/radiowebmx.com\/nota\/wp-content\/uploads\/2016\/11\/104eb1e4-5933-486c-9942-e6f3abd8ea91-300x225.jpg 300w\" sizes=\"auto, (max-width: 709px) 100vw, 709px\" \/><\/p>\n<p><strong>Tlalpujahua, Michoac\u00e1n, a 14 de noviembre de 2016.-<\/strong> En el marco de las festividades en honor a los hermanos L\u00f3pez Ray\u00f3n y el CCIV aniversario de los festejos del Campo del Gallo o Parque Nacional Ray\u00f3n, el vocal ejecutivo del Centro Estatal para el Desarrollo Municipal (Cedemun), Carlos Paredes Correa, en representaci\u00f3n del Gobernador Silvano Aureoles Conejo, encabez\u00f3 junto con el presidente municipal Ram\u00f3n Emiliano Garc\u00eda Rebollo, los festejos correspondientes.<\/p>\n<p>Las actividades iniciaron con la colocaci\u00f3n de una ofrenda floral; posteriormente, autoridades federales, estatales, municipales, diputados y representantes de instituciones educativas, participaron en el tradicional desfile hacia el Campo del Gallo para realizar el acto c\u00edvico cultural en honor a los hermanos L\u00f3pez Ray\u00f3n.<\/p>\n<p>En su participaci\u00f3n, Paredes Correa reconoci\u00f3 al municipio de Tlalpujahua por ser parte importante en la historia no s\u00f3lo del estado, sino tambi\u00e9n del pa\u00eds; enfatiz\u00f3 en la importancia que tuvo el Campo del Gallo en la lucha por la Independencia e hizo un llamado a los municipios y estados vecinos para trabajar juntos a favor de los ciudadanos y a seguir conservando las tradiciones que hacen \u00fanico a Michoac\u00e1n.<\/p>\n<p>A nombre del Gobernador, ofreci\u00f3 seguir trabajando de manera coordinada con todos los \u00f3rdenes de Gobierno, y resalt\u00f3 el apoyo y el compromiso de la administraci\u00f3n estatal que encabeza Silvano Aureoles Conejo con Tlalpujahua y sus habitantes.<\/p>\n<p>En su discurso, el presidente municipal de Tlalpujahua, Ram\u00f3n Garc\u00eda, llam\u00f3 a los ciudadanos a sentirse orgullosos de sus ra\u00edces y a reconocer el esfuerzo del General Ignacio L\u00f3pez Ray\u00f3n y sus hermanos por su lucha y participaci\u00f3n en el movimiento de la Independencia; as\u00ed tambi\u00e9n, anunci\u00f3 que se ha presentado ante la C\u00e1mara de Diputados la iniciativa para nombrar a Tlalpujahua Ciudad Independencia.<\/p>\n<p>Finalmente, se realiz\u00f3 la Firma de Hermanamiento entre ocho municipios con historia en com\u00fan de la familia L\u00f3pez Ray\u00f3n, fungiendo como testigos de honor el diputado Pascual Sigala P\u00e1ez, presidente de la Mesa Directiva del Congreso del Estado, y el vocal ejecutivo del Cedemun, Carlos Paredes Correa.<\/p>\n<p><img loading=\"lazy\" decoding=\"async\" class=\"alignleft size-full wp-image-27647\" src=\"https:\/\/radiowebmx.com\/nota\/wp-content\/uploads\/2016\/11\/b96999e4-c2b1-4f37-82b6-91e609539261.jpg\" alt=\"b96999e4-c2b1-4f37-82b6-91e609539261\" width=\"709\" height=\"531\" srcset=\"https:\/\/radiowebmx.com\/nota\/wp-content\/uploads\/2016\/11\/b96999e4-c2b1-4f37-82b6-91e609539261.jpg 709w, https:\/\/radiowebmx.com\/nota\/wp-content\/uploads\/2016\/11\/b96999e4-c2b1-4f37-82b6-91e609539261-300x225.jpg 300w\" sizes=\"auto, (max-width: 709px) 100vw, 709px\" \/><\/p>\n","protected":false},"excerpt":{"rendered":"<p>En el marco de las festividades en honor a los hermanos L\u00f3pez Ray\u00f3n y el CCIV aniversario de los festejos del Campo del Gallo o Parque Nacional Ray\u00f3n, el vocal ejecutivo del Centro Estatal para el Desarrollo Municipal (Cedemun)<\/p>\n","protected":false},"author":1,"featured_media":27646,"comment_status":"open","ping_status":"open","sticky":false,"template":"","format":"standard","meta":{"footnotes":""},"categories":[14,3],"tags":[],"class_list":["post-27645","post","type-post","status-publish","format-standard","has-post-thumbnail","hentry","category-destacadas","category-gobierno-del-estado-de-michoacan"],"_links":{"self":[{"href":"https:\/\/radiowebmx.com\/nota\/wp-json\/wp\/v2\/posts\/27645","targetHints":{"allow":["GET"]}}],"collection":[{"href":"https:\/\/radiowebmx.com\/nota\/wp-json\/wp\/v2\/posts"}],"about":[{"href":"https:\/\/radiowebmx.com\/nota\/wp-json\/wp\/v2\/types\/post"}],"author":[{"embeddable":true,"href":"https:\/\/radiowebmx.com\/nota\/wp-json\/wp\/v2\/users\/1"}],"replies":[{"embeddable":true,"href":"https:\/\/radiowebmx.com\/nota\/wp-json\/wp\/v2\/comments?post=27645"}],"version-history":[{"count":1,"href":"https:\/\/radiowebmx.com\/nota\/wp-json\/wp\/v2\/posts\/27645\/revisions"}],"predecessor-version":[{"id":27648,"href":"https:\/\/radiowebmx.com\/nota\/wp-json\/wp\/v2\/posts\/27645\/revisions\/27648"}],"wp:featuredmedia":[{"embeddable":true,"href":"https:\/\/radiowebmx.com\/nota\/wp-json\/wp\/v2\/media\/27646"}],"wp:attachment":[{"href":"https:\/\/radiowebmx.com\/nota\/wp-json\/wp\/v2\/media?parent=27645"}],"wp:term":[{"taxonomy":"category","embeddable":true,"href":"https:\/\/radiowebmx.com\/nota\/wp-json\/wp\/v2\/categories?post=27645"},{"taxonomy":"post_tag","embeddable":true,"href":"https:\/\/radiowebmx.com\/nota\/wp-json\/wp\/v2\/tags?post=27645"}],"curies":[{"name":"wp","href":"https:\/\/api.w.org\/{rel}","templated":true}]}}